{"id":3085,"date":"2022-03-11T13:20:39","date_gmt":"2022-03-11T16:20:39","guid":{"rendered":"http:\/\/cultura.sma.gob.ar\/?p=3085"},"modified":"2022-03-11T13:20:39","modified_gmt":"2022-03-11T16:20:39","slug":"taller-de-escritura-a-fuego-lento-mythos-libros","status":"publish","type":"post","link":"https:\/\/cultura.sma.gob.ar\/?p=3085","title":{"rendered":"Taller de escritura &#8220;A fuego lento&#8221; \/ Mythos Libros"},"content":{"rendered":"\n<figure class=\"wp-block-image size-large\"><img loading=\"lazy\" decoding=\"async\" width=\"1024\" height=\"1024\" src=\"http:\/\/cultura.sma.gob.ar\/wp-content\/uploads\/2022\/03\/f-1024x1024.png\" alt=\"\" class=\"wp-image-3086\" srcset=\"https:\/\/cultura.sma.gob.ar\/wp-content\/uploads\/2022\/03\/f-1024x1024.png 1024w, https:\/\/cultura.sma.gob.ar\/wp-content\/uploads\/2022\/03\/f-300x300.png 300w, https:\/\/cultura.sma.gob.ar\/wp-content\/uploads\/2022\/03\/f-150x150.png 150w, https:\/\/cultura.sma.gob.ar\/wp-content\/uploads\/2022\/03\/f-768x768.png 768w, https:\/\/cultura.sma.gob.ar\/wp-content\/uploads\/2022\/03\/f-90x90.png 90w, https:\/\/cultura.sma.gob.ar\/wp-content\/uploads\/2022\/03\/f.png 1080w\" sizes=\"auto, (max-width: 1024px) 100vw, 1024px\" \/><\/figure>\n\n\n\n<p>&#8220;Granero Sur &#8211; Ciclos de formaci\u00f3n&#8221; presenta &#8220;A fuego lento&#8221;, un taller presencial de escritura de cuento brindado por el escritor Jorge Consiglio. El taller se realizar\u00e1 en el local de &#8220;Mythos Libros&#8221; (Gral. Villegas 658, San Mart\u00edn de los Andes), el viernes 01 de abril, de 18 a 21 horas, y el s\u00e1bado 02 de abril, de 10 a 13 horas. El mismo tendr\u00e1 un m\u00f3dulo te\u00f3rico, en torno a la escritura del cuento, donde se analizar\u00e1 un texto breve y se recorrer\u00e1n diversas nociones, y un m\u00f3dulo pr\u00e1ctico donde se realizar\u00e1n ejercicios de escritura que luego se analizar\u00e1n brevemente entre los participantes y el coordinador.<br>Para participar es necesario inscribirse enviando un mail a:\u00a0<a href=\"https:\/\/correo.smandes.gov.ar\/owa\/redir.aspx?C=d9ebd4a3aafa4f91a532196d993ba743&amp;URL=mailto%3agranerosur%40mythoslibros.com.ar\">granerosur@mythoslibros.com.ar<\/a>\u00a0\u00a0Con la inscripci\u00f3n al taller, los participantes recibir\u00e1n un estuche especial con un libro de Consiglio autografiado y algunas sorpresas. Dada la naturaleza de la actividad, la misma tiene cupos limitados.<\/p>\n","protected":false},"excerpt":{"rendered":"<p>&#8220;Granero Sur &#8211; Ciclos de formaci\u00f3n&#8221; presenta &#8220;A fuego lento&#8221;, un taller presencial de escritura de cuento brindado por el escritor Jorge Consiglio. El taller se realizar\u00e1 en el local de &#8220;Mythos Libros&#8221; (Gral. Villegas 658, San Mart\u00edn de los Andes), el viernes 01 de abril, de 18 a 21 horas, y el s\u00e1bado 02 de abril, de 10 a 13 horas. El mismo tendr\u00e1 &hellip; <a href=\"https:\/\/cultura.sma.gob.ar\/?p=3085\" class=\"more-link\">Continue reading <span class=\"screen-reader-text\">Taller de escritura &#8220;A fuego lento&#8221; \/ Mythos Libros<\/span><\/a><\/p>\n","protected":false},"author":1,"featured_media":297,"comment_status":"closed","ping_status":"","sticky":false,"template":"","format":"image","meta":{"footnotes":""},"categories":[2],"tags":[],"class_list":["post-3085","post","type-post","status-publish","format-image","has-post-thumbnail","hentry","category-ciudad-cultural","post_format-post-format-image"],"_links":{"self":[{"href":"https:\/\/cultura.sma.gob.ar\/index.php?rest_route=\/wp\/v2\/posts\/3085","targetHints":{"allow":["GET"]}}],"collection":[{"href":"https:\/\/cultura.sma.gob.ar\/index.php?rest_route=\/wp\/v2\/posts"}],"about":[{"href":"https:\/\/cultura.sma.gob.ar\/index.php?rest_route=\/wp\/v2\/types\/post"}],"author":[{"embeddable":true,"href":"https:\/\/cultura.sma.gob.ar\/index.php?rest_route=\/wp\/v2\/users\/1"}],"replies":[{"embeddable":true,"href":"https:\/\/cultura.sma.gob.ar\/index.php?rest_route=%2Fwp%2Fv2%2Fcomments&post=3085"}],"version-history":[{"count":1,"href":"https:\/\/cultura.sma.gob.ar\/index.php?rest_route=\/wp\/v2\/posts\/3085\/revisions"}],"predecessor-version":[{"id":3087,"href":"https:\/\/cultura.sma.gob.ar\/index.php?rest_route=\/wp\/v2\/posts\/3085\/revisions\/3087"}],"wp:featuredmedia":[{"embeddable":true,"href":"https:\/\/cultura.sma.gob.ar\/index.php?rest_route=\/wp\/v2\/media\/297"}],"wp:attachment":[{"href":"https:\/\/cultura.sma.gob.ar\/index.php?rest_route=%2Fwp%2Fv2%2Fmedia&parent=3085"}],"wp:term":[{"taxonomy":"category","embeddable":true,"href":"https:\/\/cultura.sma.gob.ar\/index.php?rest_route=%2Fwp%2Fv2%2Fcategories&post=3085"},{"taxonomy":"post_tag","embeddable":true,"href":"https:\/\/cultura.sma.gob.ar\/index.php?rest_route=%2Fwp%2Fv2%2Ftags&post=3085"}],"curies":[{"name":"wp","href":"https:\/\/api.w.org\/{rel}","templated":true}]}}