{"id":3066,"date":"2022-03-02T17:28:12","date_gmt":"2022-03-02T20:28:12","guid":{"rendered":"http:\/\/cultura.sma.gob.ar\/?p=3066"},"modified":"2022-03-02T17:28:12","modified_gmt":"2022-03-02T20:28:12","slug":"taller-el-flamenco-abril","status":"publish","type":"post","link":"https:\/\/cultura.sma.gob.ar\/?p=3066","title":{"rendered":"Taller : El Flamenco \/ Abril"},"content":{"rendered":"\n<figure class=\"wp-block-image size-large\"><img loading=\"lazy\" decoding=\"async\" width=\"576\" height=\"1024\" src=\"http:\/\/cultura.sma.gob.ar\/wp-content\/uploads\/2022\/03\/Flyer-Flamenco-2022-576x1024.jpg\" alt=\"\" class=\"wp-image-3067\" srcset=\"https:\/\/cultura.sma.gob.ar\/wp-content\/uploads\/2022\/03\/Flyer-Flamenco-2022-576x1024.jpg 576w, https:\/\/cultura.sma.gob.ar\/wp-content\/uploads\/2022\/03\/Flyer-Flamenco-2022-169x300.jpg 169w, https:\/\/cultura.sma.gob.ar\/wp-content\/uploads\/2022\/03\/Flyer-Flamenco-2022-51x90.jpg 51w, https:\/\/cultura.sma.gob.ar\/wp-content\/uploads\/2022\/03\/Flyer-Flamenco-2022.jpg 720w\" sizes=\"auto, (max-width: 576px) 100vw, 576px\" \/><\/figure>\n\n\n\n<p>\u00a1Atenci\u00f3n! \u00a1Inscripciones abiertas!<\/p>\n\n\n\n<p>Desde el viernes 01 de Abril, vuelve la danza que a trav\u00e9s de sus distintos ritmos nos traslada a los puertos de Andaluc\u00eda: El Flamenco. Ven\u00ed a compartir un momento m\u00e1gico conociendo la cultura de este enriquecedor mundo.<\/p>\n\n\n\n<p>Todos los viernes de 17hs a 18hs a partir del Viernes 1 de Abril.<\/p>\n\n\n\n<p>&#8220;Noche de cuatro lunas y un s\u00f3lo \u00e1rbol. En la punta de una aguja est\u00e1 mi amor bailando&#8221;. -An\u00f3nimo Espa\u00f1ol-<\/p>\n\n\n\n<p>Contacto:&nbsp;<a href=\"https:\/\/correo.smandes.gov.ar\/owa\/redir.aspx?C=14e2064902224e179933a721d413ee2e&amp;URL=mailto%3abel.bobe%40yahoo.com.ar\">bel.bobe@yahoo.com.ar<\/a><\/p>\n","protected":false},"excerpt":{"rendered":"<p>\u00a1Atenci\u00f3n! \u00a1Inscripciones abiertas! Desde el viernes 01 de Abril, vuelve la danza que a trav\u00e9s de sus distintos ritmos nos traslada a los puertos de Andaluc\u00eda: El Flamenco. Ven\u00ed a compartir un momento m\u00e1gico conociendo la cultura de este enriquecedor mundo. Todos los viernes de 17hs a 18hs a partir del Viernes 1 de Abril. &#8220;Noche de cuatro lunas y un s\u00f3lo \u00e1rbol. En la &hellip; <a href=\"https:\/\/cultura.sma.gob.ar\/?p=3066\" class=\"more-link\">Continue reading <span class=\"screen-reader-text\">Taller : El Flamenco \/ Abril<\/span><\/a><\/p>\n","protected":false},"author":1,"featured_media":297,"comment_status":"closed","ping_status":"","sticky":false,"template":"","format":"image","meta":{"footnotes":""},"categories":[2],"tags":[],"class_list":["post-3066","post","type-post","status-publish","format-image","has-post-thumbnail","hentry","category-ciudad-cultural","post_format-post-format-image"],"_links":{"self":[{"href":"https:\/\/cultura.sma.gob.ar\/index.php?rest_route=\/wp\/v2\/posts\/3066","targetHints":{"allow":["GET"]}}],"collection":[{"href":"https:\/\/cultura.sma.gob.ar\/index.php?rest_route=\/wp\/v2\/posts"}],"about":[{"href":"https:\/\/cultura.sma.gob.ar\/index.php?rest_route=\/wp\/v2\/types\/post"}],"author":[{"embeddable":true,"href":"https:\/\/cultura.sma.gob.ar\/index.php?rest_route=\/wp\/v2\/users\/1"}],"replies":[{"embeddable":true,"href":"https:\/\/cultura.sma.gob.ar\/index.php?rest_route=%2Fwp%2Fv2%2Fcomments&post=3066"}],"version-history":[{"count":1,"href":"https:\/\/cultura.sma.gob.ar\/index.php?rest_route=\/wp\/v2\/posts\/3066\/revisions"}],"predecessor-version":[{"id":3068,"href":"https:\/\/cultura.sma.gob.ar\/index.php?rest_route=\/wp\/v2\/posts\/3066\/revisions\/3068"}],"wp:featuredmedia":[{"embeddable":true,"href":"https:\/\/cultura.sma.gob.ar\/index.php?rest_route=\/wp\/v2\/media\/297"}],"wp:attachment":[{"href":"https:\/\/cultura.sma.gob.ar\/index.php?rest_route=%2Fwp%2Fv2%2Fmedia&parent=3066"}],"wp:term":[{"taxonomy":"category","embeddable":true,"href":"https:\/\/cultura.sma.gob.ar\/index.php?rest_route=%2Fwp%2Fv2%2Fcategories&post=3066"},{"taxonomy":"post_tag","embeddable":true,"href":"https:\/\/cultura.sma.gob.ar\/index.php?rest_route=%2Fwp%2Fv2%2Ftags&post=3066"}],"curies":[{"name":"wp","href":"https:\/\/api.w.org\/{rel}","templated":true}]}}