{"id":3063,"date":"2022-03-02T17:26:41","date_gmt":"2022-03-02T20:26:41","guid":{"rendered":"http:\/\/cultura.sma.gob.ar\/?p=3063"},"modified":"2022-03-02T17:26:41","modified_gmt":"2022-03-02T20:26:41","slug":"taller-danza-contemporanea-principiante-belen-alcaraz-marzo","status":"publish","type":"post","link":"https:\/\/cultura.sma.gob.ar\/?p=3063","title":{"rendered":"Taller  \u201cDanza contempor\u00e1nea \u2013 principiante\u201d \/ Bel\u00e9n Alcar\u00e1z \/ Marzo"},"content":{"rendered":"\n<figure class=\"wp-block-image size-large\"><img loading=\"lazy\" decoding=\"async\" width=\"723\" height=\"1024\" src=\"http:\/\/cultura.sma.gob.ar\/wp-content\/uploads\/2022\/03\/Danza-Contemporanea-Inicial-Belen-Alcaraz-723x1024.jpeg\" alt=\"\" class=\"wp-image-3064\" srcset=\"https:\/\/cultura.sma.gob.ar\/wp-content\/uploads\/2022\/03\/Danza-Contemporanea-Inicial-Belen-Alcaraz-723x1024.jpeg 723w, https:\/\/cultura.sma.gob.ar\/wp-content\/uploads\/2022\/03\/Danza-Contemporanea-Inicial-Belen-Alcaraz-212x300.jpeg 212w, https:\/\/cultura.sma.gob.ar\/wp-content\/uploads\/2022\/03\/Danza-Contemporanea-Inicial-Belen-Alcaraz-768x1087.jpeg 768w, https:\/\/cultura.sma.gob.ar\/wp-content\/uploads\/2022\/03\/Danza-Contemporanea-Inicial-Belen-Alcaraz-64x90.jpeg 64w, https:\/\/cultura.sma.gob.ar\/wp-content\/uploads\/2022\/03\/Danza-Contemporanea-Inicial-Belen-Alcaraz.jpeg 904w\" sizes=\"auto, (max-width: 723px) 100vw, 723px\" \/><\/figure>\n\n\n\n<p>En marzo llega una nueva e imperdible propuesta a nuestra grilla de Talleres. La Bailarina y Profesora Bel\u00e9n Alcar\u00e1z dictar\u00e1 \u201cDANZA CONTEMPOR\u00c1NEA \u2013 PRINCIPIANTE\u201d.<\/p>\n\n\n\n<p>La danza contempor\u00e1nea surge como una reacci\u00f3n a las formas cl\u00e1sicas y probablemente como una necesidad de expresarse m\u00e1s libremente con el cuerpo. Es una clase de danza en la que se busca expresar una idea, un sentimiento, una emoci\u00f3n, pero mezclando movimientos corporales propios del siglo XX y XXI. Podr\u00eda decirse que es una fusi\u00f3n de diversos estilos de baile.<\/p>\n\n\n\n<p>Esta propuesta de taller va dirigida a personas que quieran incursionar en el estilo, conocer y aprender paso a paso elementos b\u00e1sicos que les permitir\u00e1n manifestarse en la disciplina. Est\u00e1 dirigida a todo p\u00fablico y edad, con una duraci\u00f3n de 1hs. Exploraremos movimientos, t\u00e9cnicas y fusiones de manera exponencial. Es una buena opci\u00f3n para comenzar ya que no son necesarios elementos ni ning\u00fan otro tipo de material o experiencia.<\/p>\n\n\n\n<p>La clase comienza con una entrada en calor seguida de un peque\u00f1o entrenamiento f\u00edsico para predisponer el cuerpo. Contin\u00faa con una fase de pr\u00e1cticas en la t\u00e9cnica cl\u00e1sica y contempor\u00e1nea, para ir adoptando distintas herramientas. Esta es la parte de m\u00e1s duraci\u00f3n de la clase ya que nos tomamos el tiempo de aprender bien la t\u00e9cnica y practicarla varias veces. Luego pasamos al marcado coreogr\u00e1fico, donde implementamos las cosas aprendidas y finalizamos con una relajaci\u00f3n y vuelta a la calma.<\/p>\n\n\n\n<p>Todos los martes a las 21:15hs en la Sala G\u00fcnther Blaas del Centro Cultural Cotesma.<\/p>\n\n\n\n<p>Lo dicta Belen Alcaraz, bailarina Cordobesa residente de San Martin de los Andes hace un a\u00f1o.<\/p>\n\n\n\n<p>Consultas e Inscripciones:<br>+54-9-351-8018525<br>IG: belualcaraz001<\/p>\n","protected":false},"excerpt":{"rendered":"<p>En marzo llega una nueva e imperdible propuesta a nuestra grilla de Talleres. La Bailarina y Profesora Bel\u00e9n Alcar\u00e1z dictar\u00e1 \u201cDANZA CONTEMPOR\u00c1NEA \u2013 PRINCIPIANTE\u201d. La danza contempor\u00e1nea surge como una reacci\u00f3n a las formas cl\u00e1sicas y probablemente como una necesidad de expresarse m\u00e1s libremente con el cuerpo. Es una clase de danza en la que se busca expresar una idea, un sentimiento, una emoci\u00f3n, pero &hellip; <a href=\"https:\/\/cultura.sma.gob.ar\/?p=3063\" class=\"more-link\">Continue reading <span class=\"screen-reader-text\">Taller  \u201cDanza contempor\u00e1nea \u2013 principiante\u201d \/ Bel\u00e9n Alcar\u00e1z \/ Marzo<\/span><\/a><\/p>\n","protected":false},"author":1,"featured_media":297,"comment_status":"closed","ping_status":"","sticky":false,"template":"","format":"image","meta":{"footnotes":""},"categories":[2],"tags":[],"class_list":["post-3063","post","type-post","status-publish","format-image","has-post-thumbnail","hentry","category-ciudad-cultural","post_format-post-format-image"],"_links":{"self":[{"href":"https:\/\/cultura.sma.gob.ar\/index.php?rest_route=\/wp\/v2\/posts\/3063","targetHints":{"allow":["GET"]}}],"collection":[{"href":"https:\/\/cultura.sma.gob.ar\/index.php?rest_route=\/wp\/v2\/posts"}],"about":[{"href":"https:\/\/cultura.sma.gob.ar\/index.php?rest_route=\/wp\/v2\/types\/post"}],"author":[{"embeddable":true,"href":"https:\/\/cultura.sma.gob.ar\/index.php?rest_route=\/wp\/v2\/users\/1"}],"replies":[{"embeddable":true,"href":"https:\/\/cultura.sma.gob.ar\/index.php?rest_route=%2Fwp%2Fv2%2Fcomments&post=3063"}],"version-history":[{"count":1,"href":"https:\/\/cultura.sma.gob.ar\/index.php?rest_route=\/wp\/v2\/posts\/3063\/revisions"}],"predecessor-version":[{"id":3065,"href":"https:\/\/cultura.sma.gob.ar\/index.php?rest_route=\/wp\/v2\/posts\/3063\/revisions\/3065"}],"wp:featuredmedia":[{"embeddable":true,"href":"https:\/\/cultura.sma.gob.ar\/index.php?rest_route=\/wp\/v2\/media\/297"}],"wp:attachment":[{"href":"https:\/\/cultura.sma.gob.ar\/index.php?rest_route=%2Fwp%2Fv2%2Fmedia&parent=3063"}],"wp:term":[{"taxonomy":"category","embeddable":true,"href":"https:\/\/cultura.sma.gob.ar\/index.php?rest_route=%2Fwp%2Fv2%2Fcategories&post=3063"},{"taxonomy":"post_tag","embeddable":true,"href":"https:\/\/cultura.sma.gob.ar\/index.php?rest_route=%2Fwp%2Fv2%2Ftags&post=3063"}],"curies":[{"name":"wp","href":"https:\/\/api.w.org\/{rel}","templated":true}]}}