{"id":3060,"date":"2022-03-02T17:25:04","date_gmt":"2022-03-02T20:25:04","guid":{"rendered":"http:\/\/cultura.sma.gob.ar\/?p=3060"},"modified":"2022-03-02T17:25:04","modified_gmt":"2022-03-02T20:25:04","slug":"taller-de-entrenamiento-para-bailarines-natalia-lamberti-marzo","status":"publish","type":"post","link":"https:\/\/cultura.sma.gob.ar\/?p=3060","title":{"rendered":"Taller de entrenamiento para bailarines \/ Natalia Lamberti \/ Marzo"},"content":{"rendered":"\n<figure class=\"wp-block-image size-large\"><img loading=\"lazy\" decoding=\"async\" width=\"600\" height=\"848\" src=\"http:\/\/cultura.sma.gob.ar\/wp-content\/uploads\/2022\/03\/Entrenamiento-para-bailarines-ANUAL.png\" alt=\"\" class=\"wp-image-3061\" srcset=\"https:\/\/cultura.sma.gob.ar\/wp-content\/uploads\/2022\/03\/Entrenamiento-para-bailarines-ANUAL.png 600w, https:\/\/cultura.sma.gob.ar\/wp-content\/uploads\/2022\/03\/Entrenamiento-para-bailarines-ANUAL-212x300.png 212w, https:\/\/cultura.sma.gob.ar\/wp-content\/uploads\/2022\/03\/Entrenamiento-para-bailarines-ANUAL-64x90.png 64w\" sizes=\"auto, (max-width: 600px) 100vw, 600px\" \/><\/figure>\n\n\n\n<p>En Marzo llega el \u201cTALLER DE ENTRENAMIENTO PARA BAILARINES\u201d dictado por la profesora y bailarina Natalia Lamberti.<\/p>\n\n\n\n<p>Orientado a bailarines de todas las danzas que quieran mejorar sus aptitudes f\u00edsicas, generando fuerza, flexibilidad y limpieza en la ejecuci\u00f3n de sus movimientos.<\/p>\n\n\n\n<p>Todos los s\u00e1bados 9.30hs a 11hs en el Sal\u00f3n de Usos M\u00faltiples del Centro Cultural.<\/p>\n\n\n\n<p>Consultas e Incripciones:<br>natalia.lamberti@live.com.ar<br>cel:&nbsp;2944368804<br>ig: nattlambertt<\/p>\n","protected":false},"excerpt":{"rendered":"<p>En Marzo llega el \u201cTALLER DE ENTRENAMIENTO PARA BAILARINES\u201d dictado por la profesora y bailarina Natalia Lamberti. Orientado a bailarines de todas las danzas que quieran mejorar sus aptitudes f\u00edsicas, generando fuerza, flexibilidad y limpieza en la ejecuci\u00f3n de sus movimientos. Todos los s\u00e1bados 9.30hs a 11hs en el Sal\u00f3n de Usos M\u00faltiples del Centro Cultural. Consultas e Incripciones:natalia.lamberti@live.com.arcel:&nbsp;2944368804ig: nattlambertt <a href=\"https:\/\/cultura.sma.gob.ar\/?p=3060\" class=\"more-link\">Continue reading <span class=\"screen-reader-text\">Taller de entrenamiento para bailarines \/ Natalia Lamberti \/ Marzo<\/span><\/a><\/p>\n","protected":false},"author":1,"featured_media":297,"comment_status":"closed","ping_status":"","sticky":false,"template":"","format":"image","meta":{"footnotes":""},"categories":[2],"tags":[],"class_list":["post-3060","post","type-post","status-publish","format-image","has-post-thumbnail","hentry","category-ciudad-cultural","post_format-post-format-image"],"_links":{"self":[{"href":"https:\/\/cultura.sma.gob.ar\/index.php?rest_route=\/wp\/v2\/posts\/3060","targetHints":{"allow":["GET"]}}],"collection":[{"href":"https:\/\/cultura.sma.gob.ar\/index.php?rest_route=\/wp\/v2\/posts"}],"about":[{"href":"https:\/\/cultura.sma.gob.ar\/index.php?rest_route=\/wp\/v2\/types\/post"}],"author":[{"embeddable":true,"href":"https:\/\/cultura.sma.gob.ar\/index.php?rest_route=\/wp\/v2\/users\/1"}],"replies":[{"embeddable":true,"href":"https:\/\/cultura.sma.gob.ar\/index.php?rest_route=%2Fwp%2Fv2%2Fcomments&post=3060"}],"version-history":[{"count":1,"href":"https:\/\/cultura.sma.gob.ar\/index.php?rest_route=\/wp\/v2\/posts\/3060\/revisions"}],"predecessor-version":[{"id":3062,"href":"https:\/\/cultura.sma.gob.ar\/index.php?rest_route=\/wp\/v2\/posts\/3060\/revisions\/3062"}],"wp:featuredmedia":[{"embeddable":true,"href":"https:\/\/cultura.sma.gob.ar\/index.php?rest_route=\/wp\/v2\/media\/297"}],"wp:attachment":[{"href":"https:\/\/cultura.sma.gob.ar\/index.php?rest_route=%2Fwp%2Fv2%2Fmedia&parent=3060"}],"wp:term":[{"taxonomy":"category","embeddable":true,"href":"https:\/\/cultura.sma.gob.ar\/index.php?rest_route=%2Fwp%2Fv2%2Fcategories&post=3060"},{"taxonomy":"post_tag","embeddable":true,"href":"https:\/\/cultura.sma.gob.ar\/index.php?rest_route=%2Fwp%2Fv2%2Ftags&post=3060"}],"curies":[{"name":"wp","href":"https:\/\/api.w.org\/{rel}","templated":true}]}}