{"id":3054,"date":"2022-03-02T17:20:29","date_gmt":"2022-03-02T20:20:29","guid":{"rendered":"http:\/\/cultura.sma.gob.ar\/?p=3054"},"modified":"2022-03-02T17:20:29","modified_gmt":"2022-03-02T20:20:29","slug":"taller-de-audio-musica-y-tecnologia-pedro-monzo","status":"publish","type":"post","link":"https:\/\/cultura.sma.gob.ar\/?p=3054","title":{"rendered":"Taller de Audio, M\u00fasica y Tecnolog\u00eda \/ Pedro Monzo"},"content":{"rendered":"\n<figure class=\"wp-block-image size-large\"><img loading=\"lazy\" decoding=\"async\" width=\"1024\" height=\"1024\" src=\"http:\/\/cultura.sma.gob.ar\/wp-content\/uploads\/2022\/03\/Pedro-Taller-2022-Quiero-grabar-quiero-editar-1024x1024.jpeg\" alt=\"\" class=\"wp-image-3055\" srcset=\"https:\/\/cultura.sma.gob.ar\/wp-content\/uploads\/2022\/03\/Pedro-Taller-2022-Quiero-grabar-quiero-editar-1024x1024.jpeg 1024w, https:\/\/cultura.sma.gob.ar\/wp-content\/uploads\/2022\/03\/Pedro-Taller-2022-Quiero-grabar-quiero-editar-300x300.jpeg 300w, https:\/\/cultura.sma.gob.ar\/wp-content\/uploads\/2022\/03\/Pedro-Taller-2022-Quiero-grabar-quiero-editar-150x150.jpeg 150w, https:\/\/cultura.sma.gob.ar\/wp-content\/uploads\/2022\/03\/Pedro-Taller-2022-Quiero-grabar-quiero-editar-768x767.jpeg 768w, https:\/\/cultura.sma.gob.ar\/wp-content\/uploads\/2022\/03\/Pedro-Taller-2022-Quiero-grabar-quiero-editar-90x90.jpeg 90w, https:\/\/cultura.sma.gob.ar\/wp-content\/uploads\/2022\/03\/Pedro-Taller-2022-Quiero-grabar-quiero-editar.jpeg 1501w\" sizes=\"auto, (max-width: 1024px) 100vw, 1024px\" \/><\/figure>\n\n\n\n<p>El pr\u00f3ximo s\u00e1bado, 5 de marzo, comienza una nueva Edici\u00f3n del imperdible Taller de Audio, M\u00fasica y Tecnolog\u00eda que dicta el m\u00fasico y profesor Pedro Monzo en nuestro hermoso Sal\u00f3n de Usos M\u00faltiples.<br>\u00a0QUIERO GRABAR QUIERO EDITAR!<br><\/p>\n\n\n\n<p>Edici\u00f3n 2022 &#8211; Taller de Audio y Tecnolog\u00edas \ud83d\udd0a<\/p>\n\n\n\n<ul class=\"wp-block-list\"><li>para hacedores de podcasts o locuci\u00f3n<\/li><li>para grabar tu m\u00fasica o producir la de otrxs<\/li><li>para editar el audio de tus videos<\/li><\/ul>\n\n\n\n<p>Aprend\u00e9 a grabar y a editar, entendiendo y practicando<\/p>\n\n\n\n<p>En mis stories destacadas hay m\u00e1s info&nbsp;<a href=\"https:\/\/correo.smandes.gov.ar\/owa\/redir.aspx?C=14e2064902224e179933a721d413ee2e&amp;URL=https%3a%2f%2fwww.instagram.com%2fpedro.liberalia%2f\" rel=\"noreferrer noopener\" target=\"_blank\">@pedro.liberalia<\/a><\/p>\n\n\n\n<p>Los aranceles muy econ\u00f3micos \ud83d\ude4b\ufffd\ufffd\u200d\u2642\ufe0f<br>Es presencial en SMA. \ufffd\ufffd&nbsp;<a href=\"https:\/\/correo.smandes.gov.ar\/owa\/redir.aspx?C=14e2064902224e179933a721d413ee2e&amp;URL=https%3a%2f%2fwww.instagram.com%2fcccotesma%2f\" rel=\"noreferrer noopener\" target=\"_blank\">@cccotesma<\/a><\/p>\n","protected":false},"excerpt":{"rendered":"<p>El pr\u00f3ximo s\u00e1bado, 5 de marzo, comienza una nueva Edici\u00f3n del imperdible Taller de Audio, M\u00fasica y Tecnolog\u00eda que dicta el m\u00fasico y profesor Pedro Monzo en nuestro hermoso Sal\u00f3n de Usos M\u00faltiples.\u00a0QUIERO GRABAR QUIERO EDITAR! Edici\u00f3n 2022 &#8211; Taller de Audio y Tecnolog\u00edas \ud83d\udd0a para hacedores de podcasts o locuci\u00f3n para grabar tu m\u00fasica o producir la de otrxs para editar el audio de &hellip; <a href=\"https:\/\/cultura.sma.gob.ar\/?p=3054\" class=\"more-link\">Continue reading <span class=\"screen-reader-text\">Taller de Audio, M\u00fasica y Tecnolog\u00eda \/ Pedro Monzo<\/span><\/a><\/p>\n","protected":false},"author":1,"featured_media":297,"comment_status":"closed","ping_status":"","sticky":false,"template":"","format":"image","meta":{"footnotes":""},"categories":[2],"tags":[],"class_list":["post-3054","post","type-post","status-publish","format-image","has-post-thumbnail","hentry","category-ciudad-cultural","post_format-post-format-image"],"_links":{"self":[{"href":"https:\/\/cultura.sma.gob.ar\/index.php?rest_route=\/wp\/v2\/posts\/3054","targetHints":{"allow":["GET"]}}],"collection":[{"href":"https:\/\/cultura.sma.gob.ar\/index.php?rest_route=\/wp\/v2\/posts"}],"about":[{"href":"https:\/\/cultura.sma.gob.ar\/index.php?rest_route=\/wp\/v2\/types\/post"}],"author":[{"embeddable":true,"href":"https:\/\/cultura.sma.gob.ar\/index.php?rest_route=\/wp\/v2\/users\/1"}],"replies":[{"embeddable":true,"href":"https:\/\/cultura.sma.gob.ar\/index.php?rest_route=%2Fwp%2Fv2%2Fcomments&post=3054"}],"version-history":[{"count":1,"href":"https:\/\/cultura.sma.gob.ar\/index.php?rest_route=\/wp\/v2\/posts\/3054\/revisions"}],"predecessor-version":[{"id":3056,"href":"https:\/\/cultura.sma.gob.ar\/index.php?rest_route=\/wp\/v2\/posts\/3054\/revisions\/3056"}],"wp:featuredmedia":[{"embeddable":true,"href":"https:\/\/cultura.sma.gob.ar\/index.php?rest_route=\/wp\/v2\/media\/297"}],"wp:attachment":[{"href":"https:\/\/cultura.sma.gob.ar\/index.php?rest_route=%2Fwp%2Fv2%2Fmedia&parent=3054"}],"wp:term":[{"taxonomy":"category","embeddable":true,"href":"https:\/\/cultura.sma.gob.ar\/index.php?rest_route=%2Fwp%2Fv2%2Fcategories&post=3054"},{"taxonomy":"post_tag","embeddable":true,"href":"https:\/\/cultura.sma.gob.ar\/index.php?rest_route=%2Fwp%2Fv2%2Ftags&post=3054"}],"curies":[{"name":"wp","href":"https:\/\/api.w.org\/{rel}","templated":true}]}}