{"id":3051,"date":"2022-03-02T17:18:23","date_gmt":"2022-03-02T20:18:23","guid":{"rendered":"http:\/\/cultura.sma.gob.ar\/?p=3051"},"modified":"2022-03-02T17:18:23","modified_gmt":"2022-03-02T20:18:23","slug":"seminario-los-bosques-y-la-gente-de-san-martin-de-los-andes-ing-agr-pablo-laclau","status":"publish","type":"post","link":"https:\/\/cultura.sma.gob.ar\/?p=3051","title":{"rendered":"Seminario &#8221;Los bosques y la gente de San Mart\u00edn de los Andes&#8221; \/ Ing. Agr. Pablo Laclau"},"content":{"rendered":"\n<figure class=\"wp-block-image size-large\"><img loading=\"lazy\" decoding=\"async\" width=\"816\" height=\"500\" src=\"http:\/\/cultura.sma.gob.ar\/wp-content\/uploads\/2022\/03\/INTA-FOTO-2.jpg\" alt=\"\" class=\"wp-image-3052\" srcset=\"https:\/\/cultura.sma.gob.ar\/wp-content\/uploads\/2022\/03\/INTA-FOTO-2.jpg 816w, https:\/\/cultura.sma.gob.ar\/wp-content\/uploads\/2022\/03\/INTA-FOTO-2-300x184.jpg 300w, https:\/\/cultura.sma.gob.ar\/wp-content\/uploads\/2022\/03\/INTA-FOTO-2-768x471.jpg 768w, https:\/\/cultura.sma.gob.ar\/wp-content\/uploads\/2022\/03\/INTA-FOTO-2-147x90.jpg 147w\" sizes=\"auto, (max-width: 816px) 100vw, 816px\" \/><\/figure>\n\n\n\n<p>Desde el martes 15 de marzo de 17hs a 19:30hs en la Sala G\u00fcnther Blaas del Centro Cultural Cotesma, se llevar\u00e1 a cabo el \u201cSEMINARIO LOS BOSQUES Y LA GENTE EN SAN MART\u00cdN DE LOS ANDES\u201d. Encuentros que se desarrollar\u00e1n hasta el martes 03 de mayo inclusive, a cargo Ing. Agr. Pablo Laclau y colaboradores, integrantes del INTA Estaci\u00f3n Experimental Agropecuaria Bariloche &#8211; Agencia de Extensi\u00f3n Rural San Mart\u00edn de los Andes.<\/p>\n\n\n\n<p><strong>LOS BOSQUES Y LA GENTE EN SAN MARTIN DE LOS ANDES<\/strong><\/p>\n\n\n\n<p>6\u00b0 Ciclo de seminarios y salidas de campo abierto a la comunidad&nbsp;<em>San Mart\u00edn de los Andes es una ciudad en evoluci\u00f3n permanente. Muchos somos nuevos habitantes y antes no conviv\u00edamos con el bosque. Los bosques de esta regi\u00f3n desempe\u00f1an un papel fundamental en nuestras vidas; les debemos el confort clim\u00e1tico, la regulaci\u00f3n y purificaci\u00f3n del agua, los espacios de recreaci\u00f3n, la belleza del paisaje y otros beneficios. Para disfrutarlos y cuidarlos es necesario conocer sus caracter\u00edsticas y las consecuencias de nuestras acciones sobre ellos. En sucesivos encuentros, y a trav\u00e9s de exposiciones, capacitaci\u00f3n, debate y salidas al terreno intentaremos acercar la gente a los bosques y los bosques a la gente.<br><br><\/em>El ciclo estar\u00e1 a cargo del Ing. Agr. Pablo Laclau y colaboradores. Se realizar\u00e1n exposiciones y debate, pr\u00e1cticas de reconocimiento, y se utilizar\u00e1n apuntes, art\u00edculos y gu\u00edas, as\u00ed como tambi\u00e9n comunicaci\u00f3n mediante multimedios.<\/p>\n\n\n\n<p><strong><u>INCRIPCI\u00d3N: Personalmente<\/u><\/strong>,&nbsp;en Agencia de Extensi\u00f3n Rural INTA de San Mart\u00edn de los Andes (Mascardi 535, tel. 02972 427767, 8.30 a 16 h),&nbsp;Inscripci\u00f3n abierta hasta el 11 de marzo. Tendr\u00e1n prioridad quienes no hayan participado previamente. Cupo supeditado a espacio, se confirmar\u00e1 a cada pre-inscripto.<br><br><strong><u>REQUISITOS<\/u><\/strong>: de 15 a 85 a\u00f1os (menores con autorizaci\u00f3n de los padres para cada salida al campo), ganas de aprender e intercambiar conocimientos, comprometer la asistencia, predisposici\u00f3n para participar y compartir voluntariamente gastos de salidas o de material escrito.<br><br><strong><u>TEMARIO ORIENTATIVO:<\/u><\/strong><br>&#8211; LOS BOSQUES, MUCHO M\u00c1S QUE UN CONJUNTO DE \u00c1RBOLES. ECOSISTEMAS, PAISAJES, RECURSOS Y HABITAT;<\/p>\n\n\n\n<p>&#8211; EL POBLAMIENTO LOCAL Y SU RELACI\u00d3N CON LOS BOSQUES. EL USO DEL ESPACIO Y LOS RECURSOS BOSCOSOS EN EL TIEMPO<\/p>\n\n\n\n<p>&#8211; SUELO, AGUA, CLIMA Y LA VEGETACI\u00d3N. CICLO DEL AGUA Y BALANCE HIDROL\u00d3GICO. EL CAMBIO CLIM\u00c1TICO Y LOS BOSQUES.<\/p>\n\n\n\n<p>&#8211; LA DIVERSIDAD VEGETAL DE LOS BOSQUES. RECONOCIMIENTO DE PLANTAS. IDENTIFICACI\u00d3N DE LA VEGETACI\u00d3N A DISTINTAS ESCALAS<\/p>\n\n\n\n<p>&#8211; ESTRUCTURA Y DIN\u00c1MICA DE NUESTROS BOSQUES. SUCESI\u00d3N VEGETAL, DISTURBIOS<\/p>\n\n\n\n<p>&#8211; FUNCIONES DE LOS BOSQUES, SERVICIOS ECOSIST\u00c9MICOS. BIENES Y SERVICIOS APROPIABLES E INTANGIBLES<\/p>\n\n\n\n<p>&#8211; PRODUCCI\u00d3N, MANEJO Y CONSERVACI\u00d3N DE LA NATURALEZA Y DEL ACERVO CULTURAL DE NUESTROS BOSQUES. POL\u00cdTICAS, INSTITUCIONES Y PARTICIPACI\u00d3N COMUNITARIA<br><br><br><strong><u>HORARIOS<\/u><\/strong>:&nbsp;<strong><u>seminarios presenciales<\/u>: 8 encuentros en d\u00edas martes de marzo y abril, de 17hs a 19.30hs, INICIO 15 de marzo;&nbsp;<u>salidas al bosque<\/u>: (8) d\u00edas en fines de semana de marzo y abril, horarios a convenir<\/strong><\/p>\n\n\n\n<p><strong><u>LUGAR:&nbsp;<\/u><\/strong><strong>Sala G\u00fcnther Blaas del Centro Cultural Cotesma (Gral. Roca N\u00b01154).<\/strong><\/p>\n\n\n\n<p>INTA Estaci\u00f3n Experimental Agropecuaria Bariloche &#8211; Agencia de Extensi\u00f3n Rural San Mart\u00edn de los Andes.<\/p>\n","protected":false},"excerpt":{"rendered":"<p>Desde el martes 15 de marzo de 17hs a 19:30hs en la Sala G\u00fcnther Blaas del Centro Cultural Cotesma, se llevar\u00e1 a cabo el \u201cSEMINARIO LOS BOSQUES Y LA GENTE EN SAN MART\u00cdN DE LOS ANDES\u201d. Encuentros que se desarrollar\u00e1n hasta el martes 03 de mayo inclusive, a cargo Ing. Agr. Pablo Laclau y colaboradores, integrantes del INTA Estaci\u00f3n Experimental Agropecuaria Bariloche &#8211; Agencia de &hellip; <a href=\"https:\/\/cultura.sma.gob.ar\/?p=3051\" class=\"more-link\">Continue reading <span class=\"screen-reader-text\">Seminario &#8221;Los bosques y la gente de San Mart\u00edn de los Andes&#8221; \/ Ing. Agr. Pablo Laclau<\/span><\/a><\/p>\n","protected":false},"author":1,"featured_media":297,"comment_status":"closed","ping_status":"","sticky":false,"template":"","format":"image","meta":{"footnotes":""},"categories":[2],"tags":[],"class_list":["post-3051","post","type-post","status-publish","format-image","has-post-thumbnail","hentry","category-ciudad-cultural","post_format-post-format-image"],"_links":{"self":[{"href":"https:\/\/cultura.sma.gob.ar\/index.php?rest_route=\/wp\/v2\/posts\/3051","targetHints":{"allow":["GET"]}}],"collection":[{"href":"https:\/\/cultura.sma.gob.ar\/index.php?rest_route=\/wp\/v2\/posts"}],"about":[{"href":"https:\/\/cultura.sma.gob.ar\/index.php?rest_route=\/wp\/v2\/types\/post"}],"author":[{"embeddable":true,"href":"https:\/\/cultura.sma.gob.ar\/index.php?rest_route=\/wp\/v2\/users\/1"}],"replies":[{"embeddable":true,"href":"https:\/\/cultura.sma.gob.ar\/index.php?rest_route=%2Fwp%2Fv2%2Fcomments&post=3051"}],"version-history":[{"count":1,"href":"https:\/\/cultura.sma.gob.ar\/index.php?rest_route=\/wp\/v2\/posts\/3051\/revisions"}],"predecessor-version":[{"id":3053,"href":"https:\/\/cultura.sma.gob.ar\/index.php?rest_route=\/wp\/v2\/posts\/3051\/revisions\/3053"}],"wp:featuredmedia":[{"embeddable":true,"href":"https:\/\/cultura.sma.gob.ar\/index.php?rest_route=\/wp\/v2\/media\/297"}],"wp:attachment":[{"href":"https:\/\/cultura.sma.gob.ar\/index.php?rest_route=%2Fwp%2Fv2%2Fmedia&parent=3051"}],"wp:term":[{"taxonomy":"category","embeddable":true,"href":"https:\/\/cultura.sma.gob.ar\/index.php?rest_route=%2Fwp%2Fv2%2Fcategories&post=3051"},{"taxonomy":"post_tag","embeddable":true,"href":"https:\/\/cultura.sma.gob.ar\/index.php?rest_route=%2Fwp%2Fv2%2Ftags&post=3051"}],"curies":[{"name":"wp","href":"https:\/\/api.w.org\/{rel}","templated":true}]}}