{"id":3045,"date":"2022-03-02T17:13:34","date_gmt":"2022-03-02T20:13:34","guid":{"rendered":"http:\/\/cultura.sma.gob.ar\/?p=3045"},"modified":"2022-03-02T17:13:34","modified_gmt":"2022-03-02T20:13:34","slug":"taller-aproximaciones-al-cuerpo-propio-melisa-fort","status":"publish","type":"post","link":"https:\/\/cultura.sma.gob.ar\/?p=3045","title":{"rendered":"Taller &#8221;Aproximaciones al cuerpo propio&#8221; \/ Melisa Fort"},"content":{"rendered":"\n<figure class=\"wp-block-image size-large\"><img loading=\"lazy\" decoding=\"async\" width=\"1024\" height=\"1024\" src=\"http:\/\/cultura.sma.gob.ar\/wp-content\/uploads\/2022\/03\/Aproximaciones_al_cuerpo_propio_marzo_22-1024x1024.jpeg\" alt=\"\" class=\"wp-image-3046\" srcset=\"https:\/\/cultura.sma.gob.ar\/wp-content\/uploads\/2022\/03\/Aproximaciones_al_cuerpo_propio_marzo_22-1024x1024.jpeg 1024w, https:\/\/cultura.sma.gob.ar\/wp-content\/uploads\/2022\/03\/Aproximaciones_al_cuerpo_propio_marzo_22-300x300.jpeg 300w, https:\/\/cultura.sma.gob.ar\/wp-content\/uploads\/2022\/03\/Aproximaciones_al_cuerpo_propio_marzo_22-150x150.jpeg 150w, https:\/\/cultura.sma.gob.ar\/wp-content\/uploads\/2022\/03\/Aproximaciones_al_cuerpo_propio_marzo_22-768x768.jpeg 768w, https:\/\/cultura.sma.gob.ar\/wp-content\/uploads\/2022\/03\/Aproximaciones_al_cuerpo_propio_marzo_22-90x90.jpeg 90w, https:\/\/cultura.sma.gob.ar\/wp-content\/uploads\/2022\/03\/Aproximaciones_al_cuerpo_propio_marzo_22.jpeg 1080w\" sizes=\"auto, (max-width: 1024px) 100vw, 1024px\" \/><\/figure>\n\n\n\n<p><strong><em>Aproximaciones al cuerpo propio<\/em><\/strong> es un taller que invita a desarrollar la creatividad partiendo del trabajo con unx mismx. Es un espacio en donde transitar la representaci\u00f3n del cuerpo (f\u00edsico y emocional) se vuelve el punto de partida para la experimentaci\u00f3n art\u00edstica.&nbsp;<\/p>\n\n\n\n<p>La propuesta es generar una pr\u00e1ctica de investigaci\u00f3n centrada en la b\u00fasqueda de la expresividad y la po\u00e9tica personal, reconociendo el cuerpo como un potente motor de sentido. Invitamos a formular y resolver interrogantes en torno al propio cuerpo como herramienta para el discurso art\u00edstico, as\u00ed como indagar en artistas que hayan utilizado su cuerpo como medio, herramienta y lienzo a lo largo de su obra.&nbsp;<\/p>\n\n\n\n<p>Dirigido a fotografxs, artistas visuales, performers, videastas, creadores en general como as\u00ed tambi\u00e9n a toda persona interesada en transitar las posibilidades expresivas y discursivas de su propio cuerpo. <strong>No es necesario experiencia previa<\/strong>.<\/p>\n\n\n\n<p>Si bien la propuesta est\u00e1 atravesada por la fotograf\u00eda, no est\u00e1 cerrada a este \u00fanico modo de expresi\u00f3n. El taller es multidisciplinar y lo que proponemos es acompa\u00f1ar la b\u00fasqueda y el desarrollo de cada participante en el lenguaje que mejor le identifique. Hay quienes atraviesan todo el taller haciendo fotograf\u00edas y hay quienes experimentan con todos los lenguajes posibles, tambi\u00e9n quien se descubre en un lenguaje que no hab\u00eda transitado antes.&nbsp;<\/p>\n\n\n\n<p>El taller se desarrolla en modalidad virtual, durante un plazo de 2 meses con encuentros quincenales de 2hs los d\u00edas lunes (4 encuentros total).<\/p>\n\n\n\n<p>Los encuentros se realizan a trav\u00e9s de la plataforma Zoom y todo el material lo manejamos por email y Drive. Tambi\u00e9n utilizamos un grupo de Whatsapp para comunicaciones inmediatas y para habilitar la posibilidad de un di\u00e1logo m\u00e1s fluido entre lxs participantes.<\/p>\n\n\n\n<p>La diagramaci\u00f3n quincenal es para dar tiempo a la investigaci\u00f3n personal y a la producci\u00f3n, invitando a que el tr\u00e1nsito se haga a conciencia.<\/p>\n\n\n\n<p>Acompa\u00f1amos el taller con bibliograf\u00edas, films, artistas y ejercicios.<\/p>\n\n\n\n<p>Los honorarios son 2 pagos de $3200 o 1 pago de $6000 (abonando en un solo pago ten\u00e9s un peque\u00f1o descuento).<\/p>\n\n\n\n<p><strong>FECHA DE INICIO: lunes 7 de marzo<\/strong>.<\/p>\n\n\n\n<p>Las fechas de los encuentros son: 7\/3, 21\/3, 4\/4, 18\/4.<\/p>\n\n\n\n<p>Los horarios disponibles son: de 11 a 13 hs o de 14 a 16 hs.<\/p>\n\n\n\n<p><strong><em>Para m\u00e1s informaci\u00f3n por mail aproximacionesalcuerpopropio@gmail.com<\/em><\/strong><strong><em><\/em><\/strong><\/p>\n","protected":false},"excerpt":{"rendered":"<p>Aproximaciones al cuerpo propio es un taller que invita a desarrollar la creatividad partiendo del trabajo con unx mismx. Es un espacio en donde transitar la representaci\u00f3n del cuerpo (f\u00edsico y emocional) se vuelve el punto de partida para la experimentaci\u00f3n art\u00edstica.&nbsp; La propuesta es generar una pr\u00e1ctica de investigaci\u00f3n centrada en la b\u00fasqueda de la expresividad y la po\u00e9tica personal, reconociendo el cuerpo como &hellip; <a href=\"https:\/\/cultura.sma.gob.ar\/?p=3045\" class=\"more-link\">Continue reading <span class=\"screen-reader-text\">Taller &#8221;Aproximaciones al cuerpo propio&#8221; \/ Melisa Fort<\/span><\/a><\/p>\n","protected":false},"author":1,"featured_media":297,"comment_status":"closed","ping_status":"","sticky":false,"template":"","format":"image","meta":{"footnotes":""},"categories":[2],"tags":[],"class_list":["post-3045","post","type-post","status-publish","format-image","has-post-thumbnail","hentry","category-ciudad-cultural","post_format-post-format-image"],"_links":{"self":[{"href":"https:\/\/cultura.sma.gob.ar\/index.php?rest_route=\/wp\/v2\/posts\/3045","targetHints":{"allow":["GET"]}}],"collection":[{"href":"https:\/\/cultura.sma.gob.ar\/index.php?rest_route=\/wp\/v2\/posts"}],"about":[{"href":"https:\/\/cultura.sma.gob.ar\/index.php?rest_route=\/wp\/v2\/types\/post"}],"author":[{"embeddable":true,"href":"https:\/\/cultura.sma.gob.ar\/index.php?rest_route=\/wp\/v2\/users\/1"}],"replies":[{"embeddable":true,"href":"https:\/\/cultura.sma.gob.ar\/index.php?rest_route=%2Fwp%2Fv2%2Fcomments&post=3045"}],"version-history":[{"count":1,"href":"https:\/\/cultura.sma.gob.ar\/index.php?rest_route=\/wp\/v2\/posts\/3045\/revisions"}],"predecessor-version":[{"id":3047,"href":"https:\/\/cultura.sma.gob.ar\/index.php?rest_route=\/wp\/v2\/posts\/3045\/revisions\/3047"}],"wp:featuredmedia":[{"embeddable":true,"href":"https:\/\/cultura.sma.gob.ar\/index.php?rest_route=\/wp\/v2\/media\/297"}],"wp:attachment":[{"href":"https:\/\/cultura.sma.gob.ar\/index.php?rest_route=%2Fwp%2Fv2%2Fmedia&parent=3045"}],"wp:term":[{"taxonomy":"category","embeddable":true,"href":"https:\/\/cultura.sma.gob.ar\/index.php?rest_route=%2Fwp%2Fv2%2Fcategories&post=3045"},{"taxonomy":"post_tag","embeddable":true,"href":"https:\/\/cultura.sma.gob.ar\/index.php?rest_route=%2Fwp%2Fv2%2Ftags&post=3045"}],"curies":[{"name":"wp","href":"https:\/\/api.w.org\/{rel}","templated":true}]}}