{"id":3041,"date":"2022-03-02T17:07:47","date_gmt":"2022-03-02T20:07:47","guid":{"rendered":"http:\/\/cultura.sma.gob.ar\/?p=3041"},"modified":"2022-03-02T17:07:47","modified_gmt":"2022-03-02T20:07:47","slug":"adentro-es-demasiado-18-de-marzo-21-hs-centro-cultural-cotesma","status":"publish","type":"post","link":"https:\/\/cultura.sma.gob.ar\/?p=3041","title":{"rendered":"\u201cADENTRO ES DEMASIADO\u201d \/ 18 de marzo, 21 hs \/ Centro Cultural Cotesma"},"content":{"rendered":"\n<figure class=\"wp-block-image size-large is-resized\"><img loading=\"lazy\" decoding=\"async\" src=\"http:\/\/cultura.sma.gob.ar\/wp-content\/uploads\/2022\/03\/Flyer-Lucrecia-Pinto.jpeg\" alt=\"\" class=\"wp-image-3042\" width=\"580\" height=\"486\" srcset=\"https:\/\/cultura.sma.gob.ar\/wp-content\/uploads\/2022\/03\/Flyer-Lucrecia-Pinto.jpeg 940w, https:\/\/cultura.sma.gob.ar\/wp-content\/uploads\/2022\/03\/Flyer-Lucrecia-Pinto-300x251.jpeg 300w, https:\/\/cultura.sma.gob.ar\/wp-content\/uploads\/2022\/03\/Flyer-Lucrecia-Pinto-768x644.jpeg 768w, https:\/\/cultura.sma.gob.ar\/wp-content\/uploads\/2022\/03\/Flyer-Lucrecia-Pinto-107x90.jpeg 107w\" sizes=\"auto, (max-width: 580px) 100vw, 580px\" \/><\/figure>\n\n\n\n<figure class=\"wp-block-image size-large\"><img loading=\"lazy\" decoding=\"async\" width=\"720\" height=\"686\" src=\"http:\/\/cultura.sma.gob.ar\/wp-content\/uploads\/2022\/03\/Ayelen-Martinez-Poeta.jpeg\" alt=\"\" class=\"wp-image-3043\" srcset=\"https:\/\/cultura.sma.gob.ar\/wp-content\/uploads\/2022\/03\/Ayelen-Martinez-Poeta.jpeg 720w, https:\/\/cultura.sma.gob.ar\/wp-content\/uploads\/2022\/03\/Ayelen-Martinez-Poeta-300x286.jpeg 300w, https:\/\/cultura.sma.gob.ar\/wp-content\/uploads\/2022\/03\/Ayelen-Martinez-Poeta-94x90.jpeg 94w\" sizes=\"auto, (max-width: 720px) 100vw, 720px\" \/><\/figure>\n\n\n\n<p>El pr\u00f3ximo viernes 18 de marzo a las 21 hs en la Sala Amankay del Centro Cultural Cotesma, volveremos a disfrutar otra imperdible noche art\u00edstica y cultural. La cantante y productora Lucrecia Pinto presenta \u201cADENTRO ES DEMASIADO\u201d, su espect\u00e1culo \u00edntimo de m\u00fasica y poes\u00eda de la mano de La Ria Producciones.<br><br><strong>Lucrecia Pinto<\/strong>\u00a0es creadora, junto a\u00a0<strong>Dar\u00edo Sztajnszrajber<\/strong>, de los espect\u00e1culos de filosof\u00eda + m\u00fasica:\u00a0<em>Desencajadxs<\/em>\u00a0y\u00a0<em>Salir de la caverna<\/em>, donde adem\u00e1s particip\u00f3 como cantante y arregladora musical.<br><br>Desde hace dos a\u00f1os, lleva adelante el proyecto musical\u00a0<strong>La Banda de Vaca Profana<\/strong>\u00a0en el que convoca a poetas emergentes a ser parte de la escena y dialogar con canciones de su autor\u00eda y de variados compositores.<br>Lucrecia se presentar\u00e1 con el espect\u00e1culo &#8220;Adentro es demasiado: poes\u00eda y canci\u00f3n&#8221;, un formato \u00edntimo donde la canci\u00f3n se enhebra con el universo po\u00e9tico femenino.<br>En esta ocasi\u00f3n la acompa\u00f1ar\u00e1 de invitada la poeta local Ayel\u00e9n Mart\u00ednez, poeta, m\u00fasica compositora, directora de cine, antrop\u00f3loga y docente\/tallerista actualmente residente en San Mart\u00edn de los Andes. En poes\u00eda, Ayel\u00e9n public\u00f3 el libro &#8220;<strong>Lugar P\u00e1jaro<\/strong>&#8221; en 2015 y particip\u00f3 de la antolog\u00eda\u00a0<strong>&#8220;Nos queda el mundo&#8221;,<\/strong>\u00a0perteneciente a la Colectiva de Escritoras Patag\u00f3nicas Casa San Mart\u00edn de los Andes a la cual pertenece. Adem\u00e1s, ha colaborado en festivales y encuentros de poes\u00eda y gestionado diversos espacios de escritura en centros culturales.<\/p>\n\n\n\n<p>Entradas en venta en la boleteria del Centro Cultural.<br>Anticipadas $500; el mismo d\u00eda $600.<\/p>\n\n\n\n<p>Adem\u00e1s de la presentaci\u00f3n en nuestra sala, el s\u00e1bado 19 de marzo ofrecer\u00e1 dos talleres de canto en Jun\u00edn de los Andes:<br>&#8211;&nbsp;<strong>&#8220;SONAR: la poes\u00eda y la m\u00fasica en nuestra voz&#8221;.&nbsp;<\/strong>Entendiendo la palabra po\u00e9tica como la esencia de la canci\u00f3n, nos encontraremos en ronda para explorar el instrumento vocal como cuerpo sonante r\u00edtmico y expresivo, como canal de comunicaci\u00f3n y empat\u00eda.<em>&nbsp;SONAR con otrxs abre la escucha y amplifica el propio canto.<\/em>&nbsp;Este taller ser\u00e1 el s\u00e1bado 19 de marzo a las 11 am y no se requiere experiencia previa ni es exclusivo para cantantes. Costo del taller: $1500.<br><strong>-&#8220;El coraz\u00f3n de la canci\u00f3n: canto y astrolog\u00eda&#8221;<\/strong>. El taller est\u00e1 dirigido a personas que ya tengan alg\u00fan acercamiento e inter\u00e9s con el lenguaje de la astrolog\u00eda y se sientan c\u00f3modxs con la expresi\u00f3n esc\u00e9nica y musical en general. El objetivo es abordar el universo interpretativo de la canci\u00f3n desde una mirada sensible, corporal y vincular para profundizar en el conocimiento de nuestro campo vibratorio (carta astral). Este taller ser\u00e1 el s\u00e1bado 19 de marzo a las 16 horas. Costo del taller: $2500. Cupo reducido.<\/p>\n\n\n\n<p>Para inscribirse en los talleres, contactarse con La R\u00eda Producciones:<br>WhatsApp: +54911 5008 9353 (Victoria) \/ +593 98 166 1396 (Carla)<br>Email:&nbsp;<a href=\"https:\/\/correo.smandes.gov.ar\/owa\/redir.aspx?C=14e2064902224e179933a721d413ee2e&amp;URL=mailto%3ainfo%40lariaproducciones.com\">info@lariaproducciones.com<br><\/a>Instagram\/Facebook: @lariaproducciones<br>Links:<br>Vaca Profana:&nbsp;<a href=\"https:\/\/correo.smandes.gov.ar\/owa\/redir.aspx?C=14e2064902224e179933a721d413ee2e&amp;URL=https%3a%2f%2fwww.youtube.com%2fwatch%3fv%3dyq3kflodC7E\" target=\"_blank\" rel=\"noreferrer noopener\">https:\/\/www.youtube.com\/watch?v=yq3kflodC7E<br><\/a>\u00c1lbum &#8220;Adentro es demasiado&#8221;:&nbsp;<a href=\"https:\/\/correo.smandes.gov.ar\/owa\/redir.aspx?C=14e2064902224e179933a721d413ee2e&amp;URL=https%3a%2f%2forcd.co%2fadentroesdemasiado\" target=\"_blank\" rel=\"noreferrer noopener\">https:\/\/orcd.co\/adentroesdemasiado<br><\/a>Desencajadxs (Filosof\u00eda + M\u00fasica) \/ \u00c1lbum:<br><a href=\"https:\/\/correo.smandes.gov.ar\/owa\/redir.aspx?C=14e2064902224e179933a721d413ee2e&amp;URL=https%3a%2f%2fwww.youtube.com%2fplaylist%3flist%3dOLAK5uy_kDZRYyK9fSSsKj70Zjf4ZmhHCoWNnnZco\" target=\"_blank\" rel=\"noreferrer noopener\">https:\/\/www.youtube.com\/playlist?list=OLAK5uy_kDZRYyK9fSSsKj70Zjf4ZmhHCoWNnnZco<\/a><\/p>\n","protected":false},"excerpt":{"rendered":"<p>El pr\u00f3ximo viernes 18 de marzo a las 21 hs en la Sala Amankay del Centro Cultural Cotesma, volveremos a disfrutar otra imperdible noche art\u00edstica y cultural. La cantante y productora Lucrecia Pinto presenta \u201cADENTRO ES DEMASIADO\u201d, su espect\u00e1culo \u00edntimo de m\u00fasica y poes\u00eda de la mano de La Ria Producciones. Lucrecia Pinto\u00a0es creadora, junto a\u00a0Dar\u00edo Sztajnszrajber, de los espect\u00e1culos de filosof\u00eda + m\u00fasica:\u00a0Desencajadxs\u00a0y\u00a0Salir de &hellip; <a href=\"https:\/\/cultura.sma.gob.ar\/?p=3041\" class=\"more-link\">Continue reading <span class=\"screen-reader-text\">\u201cADENTRO ES DEMASIADO\u201d \/ 18 de marzo, 21 hs \/ Centro Cultural Cotesma<\/span><\/a><\/p>\n","protected":false},"author":1,"featured_media":297,"comment_status":"closed","ping_status":"","sticky":false,"template":"","format":"image","meta":{"footnotes":""},"categories":[2],"tags":[],"class_list":["post-3041","post","type-post","status-publish","format-image","has-post-thumbnail","hentry","category-ciudad-cultural","post_format-post-format-image"],"_links":{"self":[{"href":"https:\/\/cultura.sma.gob.ar\/index.php?rest_route=\/wp\/v2\/posts\/3041","targetHints":{"allow":["GET"]}}],"collection":[{"href":"https:\/\/cultura.sma.gob.ar\/index.php?rest_route=\/wp\/v2\/posts"}],"about":[{"href":"https:\/\/cultura.sma.gob.ar\/index.php?rest_route=\/wp\/v2\/types\/post"}],"author":[{"embeddable":true,"href":"https:\/\/cultura.sma.gob.ar\/index.php?rest_route=\/wp\/v2\/users\/1"}],"replies":[{"embeddable":true,"href":"https:\/\/cultura.sma.gob.ar\/index.php?rest_route=%2Fwp%2Fv2%2Fcomments&post=3041"}],"version-history":[{"count":1,"href":"https:\/\/cultura.sma.gob.ar\/index.php?rest_route=\/wp\/v2\/posts\/3041\/revisions"}],"predecessor-version":[{"id":3044,"href":"https:\/\/cultura.sma.gob.ar\/index.php?rest_route=\/wp\/v2\/posts\/3041\/revisions\/3044"}],"wp:featuredmedia":[{"embeddable":true,"href":"https:\/\/cultura.sma.gob.ar\/index.php?rest_route=\/wp\/v2\/media\/297"}],"wp:attachment":[{"href":"https:\/\/cultura.sma.gob.ar\/index.php?rest_route=%2Fwp%2Fv2%2Fmedia&parent=3041"}],"wp:term":[{"taxonomy":"category","embeddable":true,"href":"https:\/\/cultura.sma.gob.ar\/index.php?rest_route=%2Fwp%2Fv2%2Fcategories&post=3041"},{"taxonomy":"post_tag","embeddable":true,"href":"https:\/\/cultura.sma.gob.ar\/index.php?rest_route=%2Fwp%2Fv2%2Ftags&post=3041"}],"curies":[{"name":"wp","href":"https:\/\/api.w.org\/{rel}","templated":true}]}}