{"id":3038,"date":"2022-03-02T16:59:47","date_gmt":"2022-03-02T19:59:47","guid":{"rendered":"http:\/\/cultura.sma.gob.ar\/?p=3038"},"modified":"2022-03-02T16:59:47","modified_gmt":"2022-03-02T19:59:47","slug":"consecuence-of-sound-jueves-24-y-viernes-25-de-marzo-a-las-2130-hs-centro-cultural-cotesma","status":"publish","type":"post","link":"https:\/\/cultura.sma.gob.ar\/?p=3038","title":{"rendered":"&#8220;CONSECUENCE OF SOUND&#8221; \/ Jueves 24 y viernes 25 de marzo a las 21:30 hs \/ Centro Cultural Cotesma"},"content":{"rendered":"\n<figure class=\"wp-block-image size-large\"><img loading=\"lazy\" decoding=\"async\" width=\"723\" height=\"1024\" src=\"http:\/\/cultura.sma.gob.ar\/wp-content\/uploads\/2022\/03\/Consecuence-of-Sound-Flyer-723x1024.jpeg\" alt=\"\" class=\"wp-image-3039\" srcset=\"https:\/\/cultura.sma.gob.ar\/wp-content\/uploads\/2022\/03\/Consecuence-of-Sound-Flyer-723x1024.jpeg 723w, https:\/\/cultura.sma.gob.ar\/wp-content\/uploads\/2022\/03\/Consecuence-of-Sound-Flyer-212x300.jpeg 212w, https:\/\/cultura.sma.gob.ar\/wp-content\/uploads\/2022\/03\/Consecuence-of-Sound-Flyer-768x1087.jpeg 768w, https:\/\/cultura.sma.gob.ar\/wp-content\/uploads\/2022\/03\/Consecuence-of-Sound-Flyer-64x90.jpeg 64w, https:\/\/cultura.sma.gob.ar\/wp-content\/uploads\/2022\/03\/Consecuence-of-Sound-Flyer.jpeg 904w\" sizes=\"auto, (max-width: 723px) 100vw, 723px\" \/><\/figure>\n\n\n\n<p>El pr\u00f3ximo jueves 24 y viernes 25 de marzo a las 21:30hs en nuestra querida Sala Amankay, la compa\u00f1\u00eda Paradise Ballet presenta su imperdible muestra coreogr\u00e1fica &#8220;CONSECUENCE OF SOUND&#8221;.<br>La muestra contar\u00e1 con coreogr\u00e1f\u00edas de Natalia Lamberti y Stefania Mateu, directoras tanto de Paradise Ballet, como de Paradise Ballet Teens.<br>La compa\u00f1\u00eda realiza esta muestra con el fin de recaudar fondos para la competencia internacional Universal Dance (Lationamericano) que tendr\u00e1 lugar en C\u00f3rdoba la \u00faltima semana de noviembre.<br>Les recordamos que los bailarines de la compa\u00f1\u00eda clasificaron el a\u00f1o pasado en esta competencia y 5 de ellos, clasificaron tambi\u00e9n, para el mundial a celebrarse en el mes de septiembre de este a\u00f1o en Cancun, M\u00e9xico.<\/p>\n\n\n\n<p>A su vez la muestra contar\u00e1 con la presentaci\u00f3n del bailarin Alexander Gigena Emmenecker proveniente de la Ciudad de C\u00f3rdoba Capital.<\/p>\n\n\n\n<p>Te esperamos con este imperdible elenco: Bailarines: Alexei Samek, Alexander Gigena, Alice Osbando, Ana Luisa Faundez, Antonella Minnard, Bel\u00e9n Alcaraz, Camila di Dio, &nbsp;Tiara Leon, , Jazmin Suarez, Sofia Gallardo, Naiara Ancatel, Lucia Mariosa, Simona Carluccio, Maite Berninzoni, Malena Calveiras,Milena Vilchez, Zoe Vasallos.<\/p>\n\n\n\n<p>Entradas a la venta a partir del 12 de marzo en la boleter\u00eda del Centro Cultural Cotesma.<br>Valor anticipadas $600 \/\/ Valor en puerta $700<\/p>\n","protected":false},"excerpt":{"rendered":"<p>El pr\u00f3ximo jueves 24 y viernes 25 de marzo a las 21:30hs en nuestra querida Sala Amankay, la compa\u00f1\u00eda Paradise Ballet presenta su imperdible muestra coreogr\u00e1fica &#8220;CONSECUENCE OF SOUND&#8221;.La muestra contar\u00e1 con coreogr\u00e1f\u00edas de Natalia Lamberti y Stefania Mateu, directoras tanto de Paradise Ballet, como de Paradise Ballet Teens.La compa\u00f1\u00eda realiza esta muestra con el fin de recaudar fondos para la competencia internacional Universal Dance &hellip; <a href=\"https:\/\/cultura.sma.gob.ar\/?p=3038\" class=\"more-link\">Continue reading <span class=\"screen-reader-text\">&#8220;CONSECUENCE OF SOUND&#8221; \/ Jueves 24 y viernes 25 de marzo a las 21:30 hs \/ Centro Cultural Cotesma<\/span><\/a><\/p>\n","protected":false},"author":1,"featured_media":297,"comment_status":"closed","ping_status":"","sticky":false,"template":"","format":"image","meta":{"footnotes":""},"categories":[2],"tags":[],"class_list":["post-3038","post","type-post","status-publish","format-image","has-post-thumbnail","hentry","category-ciudad-cultural","post_format-post-format-image"],"_links":{"self":[{"href":"https:\/\/cultura.sma.gob.ar\/index.php?rest_route=\/wp\/v2\/posts\/3038","targetHints":{"allow":["GET"]}}],"collection":[{"href":"https:\/\/cultura.sma.gob.ar\/index.php?rest_route=\/wp\/v2\/posts"}],"about":[{"href":"https:\/\/cultura.sma.gob.ar\/index.php?rest_route=\/wp\/v2\/types\/post"}],"author":[{"embeddable":true,"href":"https:\/\/cultura.sma.gob.ar\/index.php?rest_route=\/wp\/v2\/users\/1"}],"replies":[{"embeddable":true,"href":"https:\/\/cultura.sma.gob.ar\/index.php?rest_route=%2Fwp%2Fv2%2Fcomments&post=3038"}],"version-history":[{"count":1,"href":"https:\/\/cultura.sma.gob.ar\/index.php?rest_route=\/wp\/v2\/posts\/3038\/revisions"}],"predecessor-version":[{"id":3040,"href":"https:\/\/cultura.sma.gob.ar\/index.php?rest_route=\/wp\/v2\/posts\/3038\/revisions\/3040"}],"wp:featuredmedia":[{"embeddable":true,"href":"https:\/\/cultura.sma.gob.ar\/index.php?rest_route=\/wp\/v2\/media\/297"}],"wp:attachment":[{"href":"https:\/\/cultura.sma.gob.ar\/index.php?rest_route=%2Fwp%2Fv2%2Fmedia&parent=3038"}],"wp:term":[{"taxonomy":"category","embeddable":true,"href":"https:\/\/cultura.sma.gob.ar\/index.php?rest_route=%2Fwp%2Fv2%2Fcategories&post=3038"},{"taxonomy":"post_tag","embeddable":true,"href":"https:\/\/cultura.sma.gob.ar\/index.php?rest_route=%2Fwp%2Fv2%2Ftags&post=3038"}],"curies":[{"name":"wp","href":"https:\/\/api.w.org\/{rel}","templated":true}]}}