{"id":3034,"date":"2022-03-02T16:58:09","date_gmt":"2022-03-02T19:58:09","guid":{"rendered":"http:\/\/cultura.sma.gob.ar\/?p=3034"},"modified":"2022-03-02T16:58:09","modified_gmt":"2022-03-02T19:58:09","slug":"taller-de-arte-juvenil-mini-artista-en-el-centro-cultural-cotesma","status":"publish","type":"post","link":"https:\/\/cultura.sma.gob.ar\/?p=3034","title":{"rendered":"Taller de &#8220;ARTE JUVENIL: MINI ARTISTA&#8221; en el Centro Cultural Cotesma"},"content":{"rendered":"\n<figure class=\"wp-block-image size-large\"><img loading=\"lazy\" decoding=\"async\" width=\"600\" height=\"750\" src=\"http:\/\/cultura.sma.gob.ar\/wp-content\/uploads\/2022\/03\/Arte-Juvenil-Mini-Artistas-1.jpg\" alt=\"\" class=\"wp-image-3036\" srcset=\"https:\/\/cultura.sma.gob.ar\/wp-content\/uploads\/2022\/03\/Arte-Juvenil-Mini-Artistas-1.jpg 600w, https:\/\/cultura.sma.gob.ar\/wp-content\/uploads\/2022\/03\/Arte-Juvenil-Mini-Artistas-1-240x300.jpg 240w, https:\/\/cultura.sma.gob.ar\/wp-content\/uploads\/2022\/03\/Arte-Juvenil-Mini-Artistas-1-72x90.jpg 72w\" sizes=\"auto, (max-width: 600px) 100vw, 600px\" \/><\/figure>\n\n\n\n<p>El 2022 sigue llegando con imperdibles propuestas a nuestras salas. A la gran actividad de cine y teatro, sumamos una impactante grilla de talleres, que crece d\u00eda a d\u00eda con nuevas y muy buenas propuestas como la que les acercamos en esta oportunidad.<\/p>\n\n\n\n<p>TALLER DE ARTES JUVENIL: MINI ARTISTAS, dictado por Josefina Touri\u00f1o.<br>\u00bfPor qu\u00e9 ARTE? Porque es la forma m\u00e1s genuina que tenemos de expresarnos. Y es por eso que queremos sumergirnos en la creatividad de cada peque\u00f1o artista con el fin de vivir una experiencia \u00fanica y muy divertida.<br>Pintura, collage, dibujo, reciclado y grabado, son algunas de las t\u00e9cnicas que veremos en el taller.<br><br>La clase est\u00e1 orientada a distintas edades, ya que se trabajar\u00e1 sobre la libre interpretaci\u00f3n de cada uno. El objetivo principal es que conozcan al artista en cuesti\u00f3n, se familiaricen con los materiales y pasen un buen momento expresando sus sentimientos a trav\u00e9s del arte.<br><br>Acerca la Tallerista:<br><em>Mi nombre es Josefina Touri\u00f1o, tengo 25 a\u00f1os. Soy T\u00e9cnico en Publicidad y Dise\u00f1o Gr\u00e1fico, estudiante de Artes Visuales y el profesorado de Nivel Primario.<br><\/em><em>Como estudiante y practicante de Artes Visuales, vengo a proponer este taller lleno de creatividad y ganas de hacer, considerando que despu\u00e9s de un a\u00f1o de pandemia, es a\u00fan m\u00e1s necesario el di\u00e1logo (en todas sus formas) y la integraci\u00f3n con otro pares.<br><br><\/em>Consultas e Inscripciones:<br>Todo interesado, podr\u00e1 comunicarse a mi tel\u00e9fono: 1131099134 o mi Instagram: @josefina.tourino.<br>Se pedir\u00e1 una contribuci\u00f3n de $500 al comenzar el taller, los cuales ser\u00e1n destinados a la compra de materiales.<\/p>\n","protected":false},"excerpt":{"rendered":"<p>El 2022 sigue llegando con imperdibles propuestas a nuestras salas. A la gran actividad de cine y teatro, sumamos una impactante grilla de talleres, que crece d\u00eda a d\u00eda con nuevas y muy buenas propuestas como la que les acercamos en esta oportunidad. TALLER DE ARTES JUVENIL: MINI ARTISTAS, dictado por Josefina Touri\u00f1o.\u00bfPor qu\u00e9 ARTE? Porque es la forma m\u00e1s genuina que tenemos de expresarnos. &hellip; <a href=\"https:\/\/cultura.sma.gob.ar\/?p=3034\" class=\"more-link\">Continue reading <span class=\"screen-reader-text\">Taller de &#8220;ARTE JUVENIL: MINI ARTISTA&#8221; en el Centro Cultural Cotesma<\/span><\/a><\/p>\n","protected":false},"author":1,"featured_media":297,"comment_status":"closed","ping_status":"","sticky":false,"template":"","format":"image","meta":{"footnotes":""},"categories":[2],"tags":[],"class_list":["post-3034","post","type-post","status-publish","format-image","has-post-thumbnail","hentry","category-ciudad-cultural","post_format-post-format-image"],"_links":{"self":[{"href":"https:\/\/cultura.sma.gob.ar\/index.php?rest_route=\/wp\/v2\/posts\/3034","targetHints":{"allow":["GET"]}}],"collection":[{"href":"https:\/\/cultura.sma.gob.ar\/index.php?rest_route=\/wp\/v2\/posts"}],"about":[{"href":"https:\/\/cultura.sma.gob.ar\/index.php?rest_route=\/wp\/v2\/types\/post"}],"author":[{"embeddable":true,"href":"https:\/\/cultura.sma.gob.ar\/index.php?rest_route=\/wp\/v2\/users\/1"}],"replies":[{"embeddable":true,"href":"https:\/\/cultura.sma.gob.ar\/index.php?rest_route=%2Fwp%2Fv2%2Fcomments&post=3034"}],"version-history":[{"count":1,"href":"https:\/\/cultura.sma.gob.ar\/index.php?rest_route=\/wp\/v2\/posts\/3034\/revisions"}],"predecessor-version":[{"id":3037,"href":"https:\/\/cultura.sma.gob.ar\/index.php?rest_route=\/wp\/v2\/posts\/3034\/revisions\/3037"}],"wp:featuredmedia":[{"embeddable":true,"href":"https:\/\/cultura.sma.gob.ar\/index.php?rest_route=\/wp\/v2\/media\/297"}],"wp:attachment":[{"href":"https:\/\/cultura.sma.gob.ar\/index.php?rest_route=%2Fwp%2Fv2%2Fmedia&parent=3034"}],"wp:term":[{"taxonomy":"category","embeddable":true,"href":"https:\/\/cultura.sma.gob.ar\/index.php?rest_route=%2Fwp%2Fv2%2Fcategories&post=3034"},{"taxonomy":"post_tag","embeddable":true,"href":"https:\/\/cultura.sma.gob.ar\/index.php?rest_route=%2Fwp%2Fv2%2Ftags&post=3034"}],"curies":[{"name":"wp","href":"https:\/\/api.w.org\/{rel}","templated":true}]}}