{"id":3031,"date":"2022-03-02T16:52:16","date_gmt":"2022-03-02T19:52:16","guid":{"rendered":"http:\/\/cultura.sma.gob.ar\/?p=3031"},"modified":"2022-03-02T16:52:16","modified_gmt":"2022-03-02T19:52:16","slug":"seminario-de-practicas-artisticas-situadas-volverse-sismografx-1-2-y-3-de-abril","status":"publish","type":"post","link":"https:\/\/cultura.sma.gob.ar\/?p=3031","title":{"rendered":"Seminario de pr\u00e1cticas art\u00edsticas situadas VOLVERSE SISM\u00d3GRAFX \/ 1, 2 y 3 de abril"},"content":{"rendered":"\n<figure class=\"wp-block-image size-large\"><img loading=\"lazy\" decoding=\"async\" width=\"576\" height=\"1024\" src=\"http:\/\/cultura.sma.gob.ar\/wp-content\/uploads\/2022\/03\/2022.02_VolverseSismografx_1080x1920-01-576x1024.jpg\" alt=\"\" class=\"wp-image-3032\" srcset=\"https:\/\/cultura.sma.gob.ar\/wp-content\/uploads\/2022\/03\/2022.02_VolverseSismografx_1080x1920-01-576x1024.jpg 576w, https:\/\/cultura.sma.gob.ar\/wp-content\/uploads\/2022\/03\/2022.02_VolverseSismografx_1080x1920-01-169x300.jpg 169w, https:\/\/cultura.sma.gob.ar\/wp-content\/uploads\/2022\/03\/2022.02_VolverseSismografx_1080x1920-01-768x1365.jpg 768w, https:\/\/cultura.sma.gob.ar\/wp-content\/uploads\/2022\/03\/2022.02_VolverseSismografx_1080x1920-01-864x1536.jpg 864w, https:\/\/cultura.sma.gob.ar\/wp-content\/uploads\/2022\/03\/2022.02_VolverseSismografx_1080x1920-01-1152x2048.jpg 1152w, https:\/\/cultura.sma.gob.ar\/wp-content\/uploads\/2022\/03\/2022.02_VolverseSismografx_1080x1920-01-51x90.jpg 51w, https:\/\/cultura.sma.gob.ar\/wp-content\/uploads\/2022\/03\/2022.02_VolverseSismografx_1080x1920-01-scaled.jpg 1440w\" sizes=\"auto, (max-width: 576px) 100vw, 576px\" \/><\/figure>\n\n\n\n<p><strong>Coordinado por Marie Bardet &amp; Silvio Lang<\/strong><\/p>\n\n\n\n<p>MANTA \u2013 San Martin de Los Andes<\/p>\n\n\n\n<p>Si nuestras pr\u00e1cticas art\u00edsticas asumen cada vez m\u00e1s una perspectiva de investigaci\u00f3n de las fuerzas que producen el mundo y su potencia creadora se al\u00eda con pr\u00e1cticas-te\u00f3ricas cr\u00edticas que rehacen los cuerpos y la piel social, \u00bfc\u00f3mo investigar\/crear&nbsp;<em>desde<\/em>,&nbsp;<em>con<\/em>,&nbsp;<em>entre<\/em>,&nbsp;<em>mientras<\/em><em>, hacia<\/em>&nbsp;las fuerzas en puja del momento\/lugar presente? \u00bfcu\u00e1nto de estos procesos de experimentaci\u00f3n son maneras de hacerse vidas no rectas y m\u00e1s respirables? \u00bfen qu\u00e9 espacialidades y temporalidades frecuentar, operar, reocupar y habitar en medio de la ocupaci\u00f3n algor\u00edtmica de las pantallas? Es aqu\u00ed donde apelamos a un&nbsp;<em>volverse sism\u00f3grafx<\/em>, dejando caer los ojos en la planta de los pies y pensando con la espalda y el culo, abriendo l\u00edneas oblicuas hacia otros cuerpos, otros modos de existencia, desplegando im\u00e1genes materiales clar\u00f3scuras y cultivando conceptos promiscuos que expandan la esfera p\u00fablica y proliferen los seres que la producen.<\/p>\n\n\n\n<p>A partir de lecturas de lxs autorxs: Claire Bishop, Moyi Schwartzer, Edouard Glissant, Eve Kosofsky Sedgwick, Hito Steyerl, Jack Halberstam, Jos\u00e9 E. Mu\u00f1oz, Lauren Berlant, Martha Rosler, Silvia Rivera Cusicanqui, val flores, Vinciane Despret, nos proponemos un espacio de conversaciones, pr\u00e1cticas som\u00e1ticas e intercambios de procesos de creaci\u00f3n de lxs participantes. Siempre entre o interesadxs en las pol\u00edticas de la espectadur\u00eda, las pr\u00e1cticas esc\u00e9nicas colectivas, las performatividades queer y los sentimientos p\u00fablicos.<\/p>\n\n\n\n<h3 class=\"wp-block-heading\"><strong>3 ENCUENTROS INTENSIVOS: 1 , 2 y 3 de abril 2022<\/strong><\/h3>\n\n\n\n<h3 class=\"wp-block-heading\"><strong>viernes 1 de 18 a 21 hs<\/strong><\/h3>\n\n\n\n<h3 class=\"wp-block-heading\"><strong>s\u00e1bado 2 Y domingo 3 de 10 a 13 hs y de 14.30 a 17.30hs.<\/strong><\/h3>\n\n\n\n<h3 class=\"wp-block-heading\"><strong><u>Modalidad:<\/u><\/strong>presencial<\/h3>\n\n\n\n<h3 class=\"wp-block-heading\"><strong><u>Inscripciones<\/u>:&nbsp;&nbsp;<\/strong><em><a href=\"https:\/\/correo.smandes.gov.ar\/owa\/redir.aspx?C=14e2064902224e179933a721d413ee2e&amp;URL=mailto%3atallermanta%40gmail.com\">tallermanta@gmail.com<\/a><\/em><\/h3>\n\n\n\n<h3 class=\"wp-block-heading\"><strong>Lugar:&nbsp;<\/strong>&nbsp;San Mart\u00edn de los Andes. Neuqu\u00e9n<\/h3>\n\n\n\n<p><strong>Marie Bardet<\/strong><\/p>\n\n\n\n<p>Hace filosof\u00eda y tambi\u00e9n danza corriendo las fronteras entre movimiento y pensamiento, y se nutren tanto de la improvisaci\u00f3n y las pr\u00e1cticas som\u00e1ticas como de la filosof\u00eda de Bergson y de los pensamientos-pr\u00e1cticas feministas y queer\/cuir. En todo ese arco, tensa los problemas que recorren los cuerpos y la pol\u00edtica configurando espacios comunes de multiplicidad art\u00edstica y pensamiento situado. Esta transversalidad nutre tanto su escritura (<em>Penser et Mouvoir<\/em>&nbsp;2011;&nbsp;<em>Pensar con Mover<\/em>,&nbsp;<em>2<\/em>012;&nbsp;<em>Perder la cara<\/em>, 2021), sus conferencias perform\u00e1ticas, (\u201cperder la cara\u201d; \u201c<em>Des-articulando: conferencia en movimiento\u201d<\/em>), y sus proyectos art\u00edsticos (<em>Transducciones&nbsp;<\/em>Centro de la Memoria Haroldo Conti-Institut Fran\u00e7ais 2021<em>; Alrededor de la mesa<\/em>&nbsp;Compagnie ORO Lo\u00efc Touz\u00e9- Kompost 2013-2016). Es docente-investigadora del IDAES-UNSAM, dirige el posgrado en \u201cPr\u00e1cticas Art\u00edsticas Contempor\u00e1neas\u201d del IAMK tambi\u00e9n en la UNSAM y da clases en la \u201cMaestr\u00eda en Est\u00e9ticas Contempor\u00e1neas Latino-americanas\u201d de la UNDAV. Es traductora y&nbsp; dirige la colecci\u00f3n Peque\u00f1a Biblioteca Sensible de Editorial Cactus.<\/p>\n\n\n\n<p>&nbsp;<strong>Silvio Lang<\/strong><\/p>\n\n\n\n<p>Es director esc\u00e9nico y trabajador cultural cuir. Se dedica a la producci\u00f3n, la escritura te\u00f3rica, la ense\u00f1anza, y colaboraciones art\u00edsticas en pr\u00e1cticas esc\u00e9nicas. Ha dirigido&nbsp;<em>Querido Ibsen: soy Nora; Tango N\u00f3made; Meyerhold: freakshow del infortunio del teatro; Sal\u00f3n Skeffington; El Don; Ensayo de Eros; El fiord; Aprender un cuerpo; Diarios del odio; Fuerzas silvestres; Pasadas de sexo y revoluci\u00f3n,&nbsp; Movimiento p\u00fablico, Insurrecci\u00f3n<\/em>, entre otras creaciones esc\u00e9nicas y acciones perform\u00e1ticas. Es parte de los colectivos&nbsp;<em>ORGIE<\/em>,&nbsp;<em>Comparsa Drag<\/em>,&nbsp;<em>Princesas del Asfalto<\/em>,&nbsp;<em>Escuela de T\u00e9cnicas Colectivas<\/em>,&nbsp;<em>Escena Pol\u00edtica<\/em>,&nbsp;<em>Grupo Esfera P\u00fablica<\/em>&nbsp;y colabora con otros espacios de activismo de investigaci\u00f3n pol\u00edtica y sexo-desobediencias. Es docente del programa de posgrado en Pr\u00e1cticas Art\u00edsticas Contempor\u00e1neas del Instituto de Artes Mauricio Kagel de la Universidad Nacional de San Mart\u00edn. Fue colaborador acad\u00e9mico y productor cultural del programa Lectura Mundi de la misma Universidad. Escribe para el suplemento&nbsp;<em>SOY<\/em>\/P\u00e1gina 12,&nbsp;<em>Lobo Suelto<\/em>, entre otros medios, y ha participado de varias publicaciones de teor\u00eda esc\u00e9nica y filosof\u00eda.<\/p>\n","protected":false},"excerpt":{"rendered":"<p>Coordinado por Marie Bardet &amp; Silvio Lang MANTA \u2013 San Martin de Los Andes Si nuestras pr\u00e1cticas art\u00edsticas asumen cada vez m\u00e1s una perspectiva de investigaci\u00f3n de las fuerzas que producen el mundo y su potencia creadora se al\u00eda con pr\u00e1cticas-te\u00f3ricas cr\u00edticas que rehacen los cuerpos y la piel social, \u00bfc\u00f3mo investigar\/crear&nbsp;desde,&nbsp;con,&nbsp;entre,&nbsp;mientras, hacia&nbsp;las fuerzas en puja del momento\/lugar presente? \u00bfcu\u00e1nto de estos procesos de experimentaci\u00f3n &hellip; <a href=\"https:\/\/cultura.sma.gob.ar\/?p=3031\" class=\"more-link\">Continue reading <span class=\"screen-reader-text\">Seminario de pr\u00e1cticas art\u00edsticas situadas VOLVERSE SISM\u00d3GRAFX \/ 1, 2 y 3 de abril<\/span><\/a><\/p>\n","protected":false},"author":1,"featured_media":297,"comment_status":"closed","ping_status":"","sticky":false,"template":"","format":"image","meta":{"footnotes":""},"categories":[2],"tags":[],"class_list":["post-3031","post","type-post","status-publish","format-image","has-post-thumbnail","hentry","category-ciudad-cultural","post_format-post-format-image"],"_links":{"self":[{"href":"https:\/\/cultura.sma.gob.ar\/index.php?rest_route=\/wp\/v2\/posts\/3031","targetHints":{"allow":["GET"]}}],"collection":[{"href":"https:\/\/cultura.sma.gob.ar\/index.php?rest_route=\/wp\/v2\/posts"}],"about":[{"href":"https:\/\/cultura.sma.gob.ar\/index.php?rest_route=\/wp\/v2\/types\/post"}],"author":[{"embeddable":true,"href":"https:\/\/cultura.sma.gob.ar\/index.php?rest_route=\/wp\/v2\/users\/1"}],"replies":[{"embeddable":true,"href":"https:\/\/cultura.sma.gob.ar\/index.php?rest_route=%2Fwp%2Fv2%2Fcomments&post=3031"}],"version-history":[{"count":1,"href":"https:\/\/cultura.sma.gob.ar\/index.php?rest_route=\/wp\/v2\/posts\/3031\/revisions"}],"predecessor-version":[{"id":3033,"href":"https:\/\/cultura.sma.gob.ar\/index.php?rest_route=\/wp\/v2\/posts\/3031\/revisions\/3033"}],"wp:featuredmedia":[{"embeddable":true,"href":"https:\/\/cultura.sma.gob.ar\/index.php?rest_route=\/wp\/v2\/media\/297"}],"wp:attachment":[{"href":"https:\/\/cultura.sma.gob.ar\/index.php?rest_route=%2Fwp%2Fv2%2Fmedia&parent=3031"}],"wp:term":[{"taxonomy":"category","embeddable":true,"href":"https:\/\/cultura.sma.gob.ar\/index.php?rest_route=%2Fwp%2Fv2%2Fcategories&post=3031"},{"taxonomy":"post_tag","embeddable":true,"href":"https:\/\/cultura.sma.gob.ar\/index.php?rest_route=%2Fwp%2Fv2%2Ftags&post=3031"}],"curies":[{"name":"wp","href":"https:\/\/api.w.org\/{rel}","templated":true}]}}