{"id":3027,"date":"2022-03-02T16:26:13","date_gmt":"2022-03-02T19:26:13","guid":{"rendered":"http:\/\/cultura.sma.gob.ar\/?p=3027"},"modified":"2022-03-02T16:26:13","modified_gmt":"2022-03-02T19:26:13","slug":"talleres-y-funcion-de-teatro-en-el-marco-del-festival-estival-de-san-martin-de-los-andes","status":"publish","type":"post","link":"https:\/\/cultura.sma.gob.ar\/?p=3027","title":{"rendered":"Talleres y funci\u00f3n de teatro en el marco del Festival Estival de San Mart\u00edn de los Andes"},"content":{"rendered":"\n<figure class=\"wp-block-image size-large\"><img loading=\"lazy\" decoding=\"async\" width=\"672\" height=\"1024\" src=\"http:\/\/cultura.sma.gob.ar\/wp-content\/uploads\/2022\/03\/WhatsApp-Image-2022-03-01-at-18.17.50-1-672x1024.jpeg\" alt=\"\" class=\"wp-image-3028\" srcset=\"https:\/\/cultura.sma.gob.ar\/wp-content\/uploads\/2022\/03\/WhatsApp-Image-2022-03-01-at-18.17.50-1-672x1024.jpeg 672w, https:\/\/cultura.sma.gob.ar\/wp-content\/uploads\/2022\/03\/WhatsApp-Image-2022-03-01-at-18.17.50-1-197x300.jpeg 197w, https:\/\/cultura.sma.gob.ar\/wp-content\/uploads\/2022\/03\/WhatsApp-Image-2022-03-01-at-18.17.50-1-768x1170.jpeg 768w, https:\/\/cultura.sma.gob.ar\/wp-content\/uploads\/2022\/03\/WhatsApp-Image-2022-03-01-at-18.17.50-1-59x90.jpeg 59w, https:\/\/cultura.sma.gob.ar\/wp-content\/uploads\/2022\/03\/WhatsApp-Image-2022-03-01-at-18.17.50-1.jpeg 840w\" sizes=\"auto, (max-width: 672px) 100vw, 672px\" \/><\/figure>\n\n\n\n<p>El Festival Estival de Teatro de San Mart\u00edn de los Andes, es organizado por ARCUPA y acompa\u00f1ado de la Secretar\u00eda de Cultura de San Mart\u00edn de los Andes. En esta ocasi\u00f3n se presentan tres propuestas dentro del Festival donde cada uno y cada una podr\u00e1 ser parte de talleres y funci\u00f3n en el Teatro San Jos\u00e9, con inscripci\u00f3n previa.<\/p>\n\n\n\n<ul class=\"wp-block-list\"><li>Talleres:<\/li><\/ul>\n\n\n\n<p>&#8221;Actuaci\u00f3n&#8221;&#8217;: Martes 8 y mi\u00e9rcoles 9 de marzo, de 9 a 13:30 hs.<\/p>\n\n\n\n<p>&#8221;La verdad en escena&#8221;: Jueves 10 y viernes 11 de marzo, de 9 a 13:30 hs.<\/p>\n\n\n\n<ul class=\"wp-block-list\"><li>Funci\u00f3n:<\/li><\/ul>\n\n\n\n<p>&#8221;Llevo todo conmigo&#8221;, en el Teatro San Jos\u00e9: Domingo 13 de marzo, a las 20 hs<\/p>\n\n\n\n<p>La inscripci\u00f3n para ambas actividades puede llevarse a cabo por mail o por WhatsApp:<\/p>\n\n\n\n<p>Mail: festivalestival@gmail.com<\/p>\n\n\n\n<p>Wtsp: 2944 243042<\/p>\n\n\n\n<p>Para m\u00e1s informaci\u00f3n, tambi\u00e9n se puede visitar la p\u00e1gina del Festival Estival de Teatro de San Mart\u00edn de los Andes en el siguiente link:<\/p>\n\n\n\n<p><a href=\"https:\/\/festivalestivaldesmandes.jimdofree.com\/\">https:\/\/festivalestivaldesmandes.jimdofree.com\/<\/a><\/p>\n","protected":false},"excerpt":{"rendered":"<p>El Festival Estival de Teatro de San Mart\u00edn de los Andes, es organizado por ARCUPA y acompa\u00f1ado de la Secretar\u00eda de Cultura de San Mart\u00edn de los Andes. En esta ocasi\u00f3n se presentan tres propuestas dentro del Festival donde cada uno y cada una podr\u00e1 ser parte de talleres y funci\u00f3n en el Teatro San Jos\u00e9, con inscripci\u00f3n previa. Talleres: &#8221;Actuaci\u00f3n&#8221;&#8217;: Martes 8 y mi\u00e9rcoles &hellip; <a href=\"https:\/\/cultura.sma.gob.ar\/?p=3027\" class=\"more-link\">Continue reading <span class=\"screen-reader-text\">Talleres y funci\u00f3n de teatro en el marco del Festival Estival de San Mart\u00edn de los Andes<\/span><\/a><\/p>\n","protected":false},"author":1,"featured_media":296,"comment_status":"closed","ping_status":"","sticky":false,"template":"","format":"image","meta":{"footnotes":""},"categories":[2],"tags":[],"class_list":["post-3027","post","type-post","status-publish","format-image","has-post-thumbnail","hentry","category-ciudad-cultural","post_format-post-format-image"],"_links":{"self":[{"href":"https:\/\/cultura.sma.gob.ar\/index.php?rest_route=\/wp\/v2\/posts\/3027","targetHints":{"allow":["GET"]}}],"collection":[{"href":"https:\/\/cultura.sma.gob.ar\/index.php?rest_route=\/wp\/v2\/posts"}],"about":[{"href":"https:\/\/cultura.sma.gob.ar\/index.php?rest_route=\/wp\/v2\/types\/post"}],"author":[{"embeddable":true,"href":"https:\/\/cultura.sma.gob.ar\/index.php?rest_route=\/wp\/v2\/users\/1"}],"replies":[{"embeddable":true,"href":"https:\/\/cultura.sma.gob.ar\/index.php?rest_route=%2Fwp%2Fv2%2Fcomments&post=3027"}],"version-history":[{"count":1,"href":"https:\/\/cultura.sma.gob.ar\/index.php?rest_route=\/wp\/v2\/posts\/3027\/revisions"}],"predecessor-version":[{"id":3029,"href":"https:\/\/cultura.sma.gob.ar\/index.php?rest_route=\/wp\/v2\/posts\/3027\/revisions\/3029"}],"wp:featuredmedia":[{"embeddable":true,"href":"https:\/\/cultura.sma.gob.ar\/index.php?rest_route=\/wp\/v2\/media\/296"}],"wp:attachment":[{"href":"https:\/\/cultura.sma.gob.ar\/index.php?rest_route=%2Fwp%2Fv2%2Fmedia&parent=3027"}],"wp:term":[{"taxonomy":"category","embeddable":true,"href":"https:\/\/cultura.sma.gob.ar\/index.php?rest_route=%2Fwp%2Fv2%2Fcategories&post=3027"},{"taxonomy":"post_tag","embeddable":true,"href":"https:\/\/cultura.sma.gob.ar\/index.php?rest_route=%2Fwp%2Fv2%2Ftags&post=3027"}],"curies":[{"name":"wp","href":"https:\/\/api.w.org\/{rel}","templated":true}]}}