{"id":3024,"date":"2022-03-02T16:13:16","date_gmt":"2022-03-02T19:13:16","guid":{"rendered":"http:\/\/cultura.sma.gob.ar\/?p=3024"},"modified":"2022-03-07T21:24:14","modified_gmt":"2022-03-08T00:24:14","slug":"llega-el-festival-estival-de-san-martin-de-los-andes","status":"publish","type":"post","link":"https:\/\/cultura.sma.gob.ar\/?p=3024","title":{"rendered":"Llega el Festival Estival de San Mart\u00edn de los Andes"},"content":{"rendered":"\n<figure class=\"wp-block-image size-large\"><img loading=\"lazy\" decoding=\"async\" width=\"672\" height=\"1024\" src=\"http:\/\/cultura.sma.gob.ar\/wp-content\/uploads\/2022\/03\/WhatsApp-Image-2022-03-01-at-18.17.50-672x1024.jpeg\" alt=\"\" class=\"wp-image-3025\" srcset=\"https:\/\/cultura.sma.gob.ar\/wp-content\/uploads\/2022\/03\/WhatsApp-Image-2022-03-01-at-18.17.50-672x1024.jpeg 672w, https:\/\/cultura.sma.gob.ar\/wp-content\/uploads\/2022\/03\/WhatsApp-Image-2022-03-01-at-18.17.50-197x300.jpeg 197w, https:\/\/cultura.sma.gob.ar\/wp-content\/uploads\/2022\/03\/WhatsApp-Image-2022-03-01-at-18.17.50-768x1170.jpeg 768w, https:\/\/cultura.sma.gob.ar\/wp-content\/uploads\/2022\/03\/WhatsApp-Image-2022-03-01-at-18.17.50-59x90.jpeg 59w, https:\/\/cultura.sma.gob.ar\/wp-content\/uploads\/2022\/03\/WhatsApp-Image-2022-03-01-at-18.17.50.jpeg 840w\" sizes=\"auto, (max-width: 672px) 100vw, 672px\" \/><\/figure>\n\n\n\n<p>La Edici\u00f3n N\u00b021 del Festival Estival de Teatro de San Mart\u00edn de los Andes est\u00e1 llegando y, como todos los a\u00f1os, en la Sala Amankay vamos a disfrutar imperdibles obras a la gorra. Este evento es llevado a adelante por ARCUPA , con el acompa\u00f1amiento de la Secretar\u00eda de Cultura de San Mart\u00edn de los Andes.<\/p>\n\n\n\n<p>Jueves 10, viernes 11, s\u00e1bado 12 y domingo 13.<\/p>\n\n\n\n<p><strong>&#8220;CONSAGRADA&#8221; (C.A.B.A.)<\/strong><br><strong>D\u00eda<\/strong>:&nbsp;Jueves 10 a las&nbsp;21:30hs<br><strong>G\u00e9nero:&nbsp;<\/strong>Teatro, circo y danza<br><strong>Duraci\u00f3n:<\/strong>&nbsp;60 minutos<br><strong>P\u00fablico<\/strong>: +12<br><strong>Autor\u00eda:<\/strong>&nbsp;Flor Micha, Gabi Parigi<br><strong>Int\u00e9rpretes<\/strong>: Gabi Parigi<br><strong>Asistente de direcci\u00f3n<\/strong>:&nbsp;Florencia Montaldo<br><strong>Iluminadora<\/strong>:&nbsp;Laura Saban<br><strong>Direcci\u00f3n<\/strong>: Flor Micha<\/p>\n\n\n\n<p><strong>Sinopsis:<\/strong>&nbsp;En la escena acontece una polifon\u00eda. La gimnasta consagrada &#8211; la que se debate entre salir por la puerta grande o patear el tablero y caer al foso del olvido &#8211; despliega sus voces, muta en otros cuerpos; abre la pista para que desfilen sus monstruos y sus dioses. El podio \u2013 nuestro altar de sacrificio contempor\u00e1neo \u2013 ser\u00e1 el lugar desde donde mirar con mejor perspectiva esos extremos que se tocan: el dolor y la belleza, el deporte y la enfermedad, la culpa y el placer, los triunfos y los fracasos. El humor f\u00edsico, la acrobacia y el teatro se fundir\u00e1n en el cuerpo canal de la int\u00e9rprete que invitar\u00e1 a les espectadores a desandar el camino de sus propios sacrificios o zonas sagradas.<\/p>\n\n\n\n<p><strong>&#8220;PERD\u00d3N&#8221; (C.A.B.A.)<br><\/strong><strong>Grupo<\/strong>:&nbsp;<strong>LOS SUTOTTOS<br>D\u00eda:&nbsp;Viernes&nbsp;11&nbsp;a las&nbsp;21:30hs<br>G\u00e9nero:<\/strong>&nbsp;Humor<br><strong>Duraci\u00f3n<\/strong>: 60 min<br><strong>Int\u00e9rpretes y autores:&nbsp;<\/strong>Gadiel Sztryk&nbsp;y&nbsp;Andres Caminos<br><strong>Asistente de direccion:<\/strong>&nbsp;Manuela Bottale<br><strong>Asistente:<\/strong>&nbsp;Marianela Faccioli<\/p>\n\n\n\n<p><strong>Sinopsis:<\/strong>&nbsp;Una comedia que toma como eje el sentimiento de culpa en las relaciones humanas. El reencuentro de dos amigos de la infancia se transforma en una disputa permanente entre sus egos, reclamos del pasado y frustraciones del presente. Volver a verse saca a la luz las manipulaciones y miserias m\u00e1s profundas, en un intento constante por escapar de las ataduras de la infancia. Lo que fue y ya no es, lo que vuelve para ser distinto<\/p>\n\n\n\n<p><strong>FESTIVALES EN LOS QUE PARTICIP\u00d3 LA OBRA:<br><\/strong>Festival temporada alta (Sala Verdi, Montevideo, Uruguay)<br>Festival Dferia 2020 (San Sebasti\u00e1n, Espa\u00f1a)<br>Sala Villarroel (Barcelona, Espa\u00f1a)<\/p>\n\n\n\n<p><strong>NOTAS&nbsp; DE PRENSA DE LA OBRA:<br><\/strong><a rel=\"noreferrer noopener\" href=\"https:\/\/correo.smandes.gov.ar\/owa\/redir.aspx?C=14e2064902224e179933a721d413ee2e&amp;URL=https%3a%2f%2fwww.espectaculosbcn.com%2fperdon-sutottos-2%2f\" target=\"_blank\">https:\/\/www.espectaculosbcn.com\/perdon-sutottos-2\/<br><\/a><a rel=\"noreferrer noopener\" href=\"https:\/\/correo.smandes.gov.ar\/owa\/redir.aspx?C=14e2064902224e179933a721d413ee2e&amp;URL=https%3a%2f%2fwww.lavanguardia.com%2fcultura%2f20200226%2f473797115551%2fvillarroel-sutottos-humor.html\" target=\"_blank\">https:\/\/www.lavanguardia.com\/cultura\/20200226\/473797115551\/villarroel-sutottos-humor.html<br><br><\/a><strong>&#8220;INSTANTES EN MI BOCA&#8221; (Puerto Madryn \u2013 Chubut)<br>Grupo:<\/strong>&nbsp;LA ESCALERA<br><strong>D\u00eda<\/strong>:&nbsp;S\u00e1bado 12 a las&nbsp;21:30hs<br><strong>G\u00e9nero<\/strong>: M\u00fasica, teatro<br><strong>Duraci\u00f3n<\/strong>:&nbsp;50&nbsp;minutos<br><strong>Artistas:&nbsp;<\/strong>Maribel Bordenave | Eze Canosa<\/p>\n\n\n\n<p><strong>Sinopsis:<br><\/strong>Dos artistas enredades en sus pasiones desbordan<br>los l\u00edmites de las convenciones proponiendo<br>un viaje art\u00edstico incesante delicado<br>en un instante todo puede suceder<br>en un instante una canci\u00f3n<br>fue un dibujo<br>es un cuerpo<br>est\u00e1 siendo palabra y encuentro<br>el cruce urgente deseante<br>belleza caos presente<br>instantes en mi boca<\/p>\n\n\n\n<p>&#8220;<strong>MARAVILLAS EN EL PAIZ DE LAS HALISIAS&#8221;(Neuqu\u00e9n)<br><\/strong><strong>D\u00eda<\/strong>: Domingo&nbsp;13 a las&nbsp;19hs<br><strong>G\u00e9nero<\/strong>:&nbsp;Comedia On\u00edrica para toda la familia.<br><strong>Duraci\u00f3n<\/strong>: 50 minutos<br><strong>P\u00fablico<\/strong>: ATP<br><strong>Autores:<\/strong>&nbsp;Javier Santanera, Silvina Forquera y Valeria Fern\u00e1ndez<br><strong>Int\u00e9rpretes:&nbsp;<\/strong>Silvina Forquera y ValeriaFern\u00e1ndez<br><strong>Escenopl\u00e1stica:<\/strong>&nbsp;Julieta Tabbush<br><strong>Vestuario:<\/strong>&nbsp;Jazm\u00edn Mer<br><strong>M\u00fasica original:<\/strong>&nbsp;Carlos Tendler<br><strong>Direcci\u00f3n:<\/strong>&nbsp;Javier Santanera.<\/p>\n\n\n\n<p><strong>Sinopsis:<\/strong>&nbsp;\u201cMARAVILLAS en el pa\u00edZ de las HaliSias\u201d es fruto de la lectura de \u201cAlicia en el pa\u00eds de las maravillas\u201d y de \u201cA trav\u00e9s del espejo y lo que Alicia encontr\u00f3 all\u00ed\u201d de Lewis Carrol. En un patio, de vaya a saber qu\u00e9 lugar, dos lavanderas que noche tras noche despiertan en un nuevo sue\u00f1o sin saber si alguna vez despertar\u00e1n en la realidad. Es un viaje por un clima on\u00edrico permanente, juegos de palabras, adivinanzas, y todo tipo de sorpresas y locuras que aparecer en un sue\u00f1o. Es una obra para ni\u00f1os y ni\u00f1as, o j\u00f3venes y grandes con ni\u00f1os y ni\u00f1as dentro.<\/p>\n\n\n\n<p>Los detalles de todas las obras, talleres y propuestas del Festival las encuentran en:\u00a0<a rel=\"noreferrer noopener\" href=\"https:\/\/correo.smandes.gov.ar\/owa\/redir.aspx?C=14e2064902224e179933a721d413ee2e&amp;URL=https%3a%2f%2ffestivalestivaldesmandes.jimdofree.com%2f\" target=\"_blank\">https:\/\/festivalestivaldesmandes.jimdofree.com\/<br><br><\/a>Localidades en el d\u00eda o ANTICIPADAS<br>Las funciones son a la\u00a0GORRA, pero el espacio es limitado. Por eso, para retirar las localidades\u00a0SIN CARGO\u00a0tendr\u00e1s que ir el d\u00eda de la funci\u00f3n\u00a0desde las 17 hs a cada sala donde est\u00e9 programada la obra y retirar\u00a0hasta 4 localidades por persona.<br>Si prefer\u00eds retirar las localidades en forma\u00a0ANTICIPADA,\u00a0sin l\u00edmite de cantidad, para todas las obras que quieras, podr\u00e1s hacerlo\u00a0mediante un\u00a0BONO CONTRIBUCI\u00d3N\u00a0de\u00a0$ 400\u00a0por cada una.<br>Estas localidades ANTICIPADAS, podr\u00e1s adquirirlas en el\u00a0HOTEL CHAPELCO SKI,\u00a0Belgrano 869, desde el 1 de marzo.<\/p>\n\n\n\n<figure class=\"wp-block-image size-large\"><img decoding=\"async\" src=\"https:\/\/scontent.fcpc1-1.fna.fbcdn.net\/v\/t39.30808-6\/274720774_612548909984015_664152307531414797_n.jpg?_nc_cat=100&amp;ccb=1-5&amp;_nc_sid=730e14&amp;_nc_eui2=AeGicQVX2uJpqx-Wm9MK8vKe5MaeCaUxYnnkxp4JpTFieaYeZAH0Xj6VaO7Us5ABMfrsWEJ1EACIXq2_3By8jlbE&amp;_nc_ohc=DZs3I6oBRgAAX--BD8Z&amp;_nc_ht=scontent.fcpc1-1.fna&amp;oh=00_AT8wgeFTPYv866CpPuNIgpNoPXLJHGHnKRfugsiGZs0jfA&amp;oe=622BFEAB\" alt=\"\"\/><\/figure>\n\n\n\n<figure class=\"wp-block-image size-large\"><img decoding=\"async\" src=\"https:\/\/scontent.fcpc1-1.fna.fbcdn.net\/v\/t39.30808-6\/273467953_612549843317255_7945037902399912504_n.jpg?_nc_cat=106&amp;ccb=1-5&amp;_nc_sid=730e14&amp;_nc_eui2=AeGHK5n8vGJGWYBdTHQBABqE4HH3i6odmPngcfeLqh2Y-ZCyi0HzcAE7pbdBZV2WEkN22Kmkhj4QoQ0A2FILXY_r&amp;_nc_ohc=-IbcrkXmHCUAX_yNrOY&amp;_nc_ht=scontent.fcpc1-1.fna&amp;oh=00_AT98KuYl5DOTwaLpvNc5g5ydlSSfTesvdvc4BQud3d-a5w&amp;oe=622B5620\" alt=\"\"\/><\/figure>\n\n\n\n<figure class=\"wp-block-image size-large\"><img decoding=\"async\" src=\"https:\/\/scontent.fcpc1-1.fna.fbcdn.net\/v\/t39.30808-6\/274296532_612550133317226_6163553856892507979_n.jpg?_nc_cat=104&amp;ccb=1-5&amp;_nc_sid=730e14&amp;_nc_eui2=AeGFjEIGq9uOwn5SnN5E1aoFqd921rqmksKp33bWuqaSwm8b05PZj9D3ZM6GAaUT4439AtqGeHkLpBF3MpprjzGm&amp;_nc_ohc=beMtGeKFQ5IAX-WQGB3&amp;_nc_ht=scontent.fcpc1-1.fna&amp;oh=00_AT_xszg8qvHxt7OQcBJcLp_8ow7I1MlwOJ2j7KaRpOhxAg&amp;oe=622B2884\" alt=\"\"\/><\/figure>\n\n\n\n<figure class=\"wp-block-image size-large\"><img decoding=\"async\" src=\"https:\/\/scontent.fcpc1-1.fna.fbcdn.net\/v\/t39.30808-6\/274709525_612550243317215_5641411244442976860_n.jpg?_nc_cat=104&amp;ccb=1-5&amp;_nc_sid=730e14&amp;_nc_eui2=AeFU61DnRU-w9nAmGekb4EyCu4fPG1mGIVq7h88bWYYhWt2To1eICz4_WX3PVhO6Ay9RZauf8dyDxGDCvW8KZX2k&amp;_nc_ohc=NHlI2Egd4oAAX8uvtap&amp;_nc_ht=scontent.fcpc1-1.fna&amp;oh=00_AT9q-Mpnr6qo_9OfBEFtVnj90AzAFSl7DpnXN8p4hO7fEw&amp;oe=622B2D27\" alt=\"\"\/><\/figure>\n\n\n\n<figure class=\"wp-block-image size-large\"><img decoding=\"async\" src=\"https:\/\/scontent.fcpc1-1.fna.fbcdn.net\/v\/t39.30808-6\/273935480_612550359983870_5312976966996590606_n.jpg?_nc_cat=110&amp;ccb=1-5&amp;_nc_sid=730e14&amp;_nc_eui2=AeHEcW3J1qN8MxC0b6ZJFTQbdCKYX5gbaVR0IphfmBtpVJ1qovRmwY3b_cenMH9tQvTY2l7Bmmt8YN6eIhnHl8YR&amp;_nc_ohc=R8cSYN3MjaAAX8gjgaP&amp;tn=5WXKOBupz5VycT2p&amp;_nc_ht=scontent.fcpc1-1.fna&amp;oh=00_AT8yrf-qXkw25mFOXxWb1yu-JODof4ZTVnkd3MNCQiJS0Q&amp;oe=622C454D\" alt=\"\"\/><\/figure>\n\n\n\n<figure class=\"wp-block-image size-large\"><img decoding=\"async\" src=\"https:\/\/scontent.fcpc1-1.fna.fbcdn.net\/v\/t39.30808-6\/274477504_612550593317180_8133729868541478101_n.jpg?_nc_cat=105&amp;ccb=1-5&amp;_nc_sid=730e14&amp;_nc_eui2=AeEeAWXS0wXcDANBwcAqah4n3jJWHq0yDnfeMlYerTIOdy_6GQvmmEye1SNMdhLASJ9wgHKPYkp4WrkDKG6CkRjL&amp;_nc_ohc=KtpOMjUdI8UAX8V9tHj&amp;_nc_ht=scontent.fcpc1-1.fna&amp;oh=00_AT8dIHeGUsg0BaGlia6Jkei8I7WEM5H_y_wl2G1mfvnsKQ&amp;oe=622C092C\" alt=\"\"\/><\/figure>\n\n\n\n<figure class=\"wp-block-image size-large\"><img decoding=\"async\" src=\"https:\/\/scontent.fcpc1-1.fna.fbcdn.net\/v\/t39.30808-6\/273614678_612550756650497_3373129393981326812_n.jpg?_nc_cat=108&amp;ccb=1-5&amp;_nc_sid=730e14&amp;_nc_eui2=AeG4Lu_5GzI_3F41QSV2sg1Ixo--VE45vXbGj75UTjm9djYlWA3XAGTSGCRLA2F2KZIHCZrgE7Kgq4yxHPXyNcWG&amp;_nc_ohc=b8QfjGUdomMAX8YxKsQ&amp;_nc_ht=scontent.fcpc1-1.fna&amp;oh=00_AT-hZrMhE-xCZnyCMGC6TUQu7SNdDmp9x9cGKsWzs6xspg&amp;oe=622C734E\" alt=\"\"\/><\/figure>\n\n\n\n<figure class=\"wp-block-image size-large\"><img decoding=\"async\" src=\"https:\/\/scontent.fcpc1-1.fna.fbcdn.net\/v\/t39.30808-6\/274706726_612550899983816_4972114294463038841_n.jpg?_nc_cat=102&amp;ccb=1-5&amp;_nc_sid=730e14&amp;_nc_eui2=AeESfh5E2pmqANUgjibB3QXuFNpyyFAOCUsU2nLIUA4JS_KBFmO_trvVWqt4W1K_PV1tcICLs09vq8_mH6kDv6-r&amp;_nc_ohc=CQ8tzZqJ3N4AX8z6UlA&amp;_nc_ht=scontent.fcpc1-1.fna&amp;oh=00_AT9jYvJPe_z6GRtxPALt17b8zE66kp0R6_qe-sn9pKFKVw&amp;oe=622BBDC4\" alt=\"\"\/><\/figure>\n\n\n\n<figure class=\"wp-block-image size-large\"><img decoding=\"async\" src=\"https:\/\/scontent.fcpc1-1.fna.fbcdn.net\/v\/t39.30808-6\/274794154_612550976650475_955537584826842383_n.jpg?_nc_cat=107&amp;ccb=1-5&amp;_nc_sid=730e14&amp;_nc_eui2=AeHFnSPXAl7f8GhgODIUnVcxFZoFuO6brmUVmgW47puuZdDm3lVw9BvwR6ILLEoYNdXqVkIeoqbnc0ExQIy2JrT_&amp;_nc_ohc=WkkRG8aULkQAX_Mrzwo&amp;_nc_ht=scontent.fcpc1-1.fna&amp;oh=00_AT9zsuCDNW0CpQR-QE7t1EnOx6KiVtS6RTbmVE-c9CraqA&amp;oe=622BA8DF\" alt=\"\"\/><\/figure>\n","protected":false},"excerpt":{"rendered":"<p>La Edici\u00f3n N\u00b021 del Festival Estival de Teatro de San Mart\u00edn de los Andes est\u00e1 llegando y, como todos los a\u00f1os, en la Sala Amankay vamos a disfrutar imperdibles obras a la gorra. Este evento es llevado a adelante por ARCUPA , con el acompa\u00f1amiento de la Secretar\u00eda de Cultura de San Mart\u00edn de los Andes. Jueves 10, viernes 11, s\u00e1bado 12 y domingo 13. &hellip; <a href=\"https:\/\/cultura.sma.gob.ar\/?p=3024\" class=\"more-link\">Continue reading <span class=\"screen-reader-text\">Llega el Festival Estival de San Mart\u00edn de los Andes<\/span><\/a><\/p>\n","protected":false},"author":1,"featured_media":297,"comment_status":"closed","ping_status":"","sticky":false,"template":"","format":"image","meta":{"footnotes":""},"categories":[2],"tags":[],"class_list":["post-3024","post","type-post","status-publish","format-image","has-post-thumbnail","hentry","category-ciudad-cultural","post_format-post-format-image"],"_links":{"self":[{"href":"https:\/\/cultura.sma.gob.ar\/index.php?rest_route=\/wp\/v2\/posts\/3024","targetHints":{"allow":["GET"]}}],"collection":[{"href":"https:\/\/cultura.sma.gob.ar\/index.php?rest_route=\/wp\/v2\/posts"}],"about":[{"href":"https:\/\/cultura.sma.gob.ar\/index.php?rest_route=\/wp\/v2\/types\/post"}],"author":[{"embeddable":true,"href":"https:\/\/cultura.sma.gob.ar\/index.php?rest_route=\/wp\/v2\/users\/1"}],"replies":[{"embeddable":true,"href":"https:\/\/cultura.sma.gob.ar\/index.php?rest_route=%2Fwp%2Fv2%2Fcomments&post=3024"}],"version-history":[{"count":3,"href":"https:\/\/cultura.sma.gob.ar\/index.php?rest_route=\/wp\/v2\/posts\/3024\/revisions"}],"predecessor-version":[{"id":3071,"href":"https:\/\/cultura.sma.gob.ar\/index.php?rest_route=\/wp\/v2\/posts\/3024\/revisions\/3071"}],"wp:featuredmedia":[{"embeddable":true,"href":"https:\/\/cultura.sma.gob.ar\/index.php?rest_route=\/wp\/v2\/media\/297"}],"wp:attachment":[{"href":"https:\/\/cultura.sma.gob.ar\/index.php?rest_route=%2Fwp%2Fv2%2Fmedia&parent=3024"}],"wp:term":[{"taxonomy":"category","embeddable":true,"href":"https:\/\/cultura.sma.gob.ar\/index.php?rest_route=%2Fwp%2Fv2%2Fcategories&post=3024"},{"taxonomy":"post_tag","embeddable":true,"href":"https:\/\/cultura.sma.gob.ar\/index.php?rest_route=%2Fwp%2Fv2%2Ftags&post=3024"}],"curies":[{"name":"wp","href":"https:\/\/api.w.org\/{rel}","templated":true}]}}