{"id":3021,"date":"2022-03-01T12:30:15","date_gmt":"2022-03-01T15:30:15","guid":{"rendered":"http:\/\/cultura.sma.gob.ar\/?p=3021"},"modified":"2022-03-01T12:30:15","modified_gmt":"2022-03-01T15:30:15","slug":"nuevos-talleres-en-el-centro-cultural-cotesma","status":"publish","type":"post","link":"https:\/\/cultura.sma.gob.ar\/?p=3021","title":{"rendered":"Nuevos talleres en el Centro Cultural Cotesma"},"content":{"rendered":"\n<figure class=\"wp-block-image size-large\"><img loading=\"lazy\" decoding=\"async\" width=\"723\" height=\"1024\" src=\"http:\/\/cultura.sma.gob.ar\/wp-content\/uploads\/2022\/03\/Acrobacias-Belen-Alcaraz-723x1024.jpg\" alt=\"\" class=\"wp-image-3022\" srcset=\"https:\/\/cultura.sma.gob.ar\/wp-content\/uploads\/2022\/03\/Acrobacias-Belen-Alcaraz-723x1024.jpg 723w, https:\/\/cultura.sma.gob.ar\/wp-content\/uploads\/2022\/03\/Acrobacias-Belen-Alcaraz-212x300.jpg 212w, https:\/\/cultura.sma.gob.ar\/wp-content\/uploads\/2022\/03\/Acrobacias-Belen-Alcaraz-768x1087.jpg 768w, https:\/\/cultura.sma.gob.ar\/wp-content\/uploads\/2022\/03\/Acrobacias-Belen-Alcaraz-64x90.jpg 64w, https:\/\/cultura.sma.gob.ar\/wp-content\/uploads\/2022\/03\/Acrobacias-Belen-Alcaraz.jpg 904w\" sizes=\"auto, (max-width: 723px) 100vw, 723px\" \/><\/figure>\n\n\n\n<p>En este 2022 se van a poder acercar a nuestra sala y ser parte de much\u00edsimas actividades art\u00edsticas que van a encontrar en la secci\u00f3n de &#8220;Talleres&#8221; de nuestro sitio web:&nbsp;<a href=\"https:\/\/correo.smandes.gov.ar\/owa\/redir.aspx?C=f044cffefc704b4d844946b4f6d134fa&amp;URL=http%3a%2f%2fcentrocultural.cotesma.com.ar%2fagenda-de-taller\" target=\"_blank\" rel=\"noreferrer noopener\">http:\/\/centrocultural.cotesma.com.ar\/agenda-de-taller<\/a><\/p>\n\n\n\n<p>&#8211; BALLET con Andrea Iocca<br>&#8211; ENTRENAMIENTO Y FLEXIBILIDAD con Natalia Lamberti<br>&#8211; KARATE DO con Graciela Lorca<br>&#8211; INICIACI\u00d3N A LA ACUARELA con Kira Mamontoff<br>&#8211; QUIERO GRABAR, QUIERO EDITAR con Pedro Monzo<br>&#8211; ENTRENAMIENTO PARA BAILARINES con Natalia Lamberti<br>&#8211; DANZA CONTEMPOR\u00c1NEA con Stefan\u00eda Mateu<br>&#8211; MODERN JAZZ con Natalia Lamberti<br>&#8211; COMUNIC(ARTE) con Camila y Nair<br>&#8211; DANZA CONTEMPOR\u00c1NEA PRINCIPIANTE con Bel\u00e9n Alcar\u00e1z<br>&#8211; ACROBACIAS con Bel\u00e9n Alcar\u00e1z<\/p>\n","protected":false},"excerpt":{"rendered":"<p>En este 2022 se van a poder acercar a nuestra sala y ser parte de much\u00edsimas actividades art\u00edsticas que van a encontrar en la secci\u00f3n de &#8220;Talleres&#8221; de nuestro sitio web:&nbsp;http:\/\/centrocultural.cotesma.com.ar\/agenda-de-taller &#8211; BALLET con Andrea Iocca&#8211; ENTRENAMIENTO Y FLEXIBILIDAD con Natalia Lamberti&#8211; KARATE DO con Graciela Lorca&#8211; INICIACI\u00d3N A LA ACUARELA con Kira Mamontoff&#8211; QUIERO GRABAR, QUIERO EDITAR con Pedro Monzo&#8211; ENTRENAMIENTO PARA BAILARINES con &hellip; <a href=\"https:\/\/cultura.sma.gob.ar\/?p=3021\" class=\"more-link\">Continue reading <span class=\"screen-reader-text\">Nuevos talleres en el Centro Cultural Cotesma<\/span><\/a><\/p>\n","protected":false},"author":1,"featured_media":296,"comment_status":"closed","ping_status":"","sticky":false,"template":"","format":"image","meta":{"footnotes":""},"categories":[2],"tags":[],"class_list":["post-3021","post","type-post","status-publish","format-image","has-post-thumbnail","hentry","category-ciudad-cultural","post_format-post-format-image"],"_links":{"self":[{"href":"https:\/\/cultura.sma.gob.ar\/index.php?rest_route=\/wp\/v2\/posts\/3021","targetHints":{"allow":["GET"]}}],"collection":[{"href":"https:\/\/cultura.sma.gob.ar\/index.php?rest_route=\/wp\/v2\/posts"}],"about":[{"href":"https:\/\/cultura.sma.gob.ar\/index.php?rest_route=\/wp\/v2\/types\/post"}],"author":[{"embeddable":true,"href":"https:\/\/cultura.sma.gob.ar\/index.php?rest_route=\/wp\/v2\/users\/1"}],"replies":[{"embeddable":true,"href":"https:\/\/cultura.sma.gob.ar\/index.php?rest_route=%2Fwp%2Fv2%2Fcomments&post=3021"}],"version-history":[{"count":1,"href":"https:\/\/cultura.sma.gob.ar\/index.php?rest_route=\/wp\/v2\/posts\/3021\/revisions"}],"predecessor-version":[{"id":3023,"href":"https:\/\/cultura.sma.gob.ar\/index.php?rest_route=\/wp\/v2\/posts\/3021\/revisions\/3023"}],"wp:featuredmedia":[{"embeddable":true,"href":"https:\/\/cultura.sma.gob.ar\/index.php?rest_route=\/wp\/v2\/media\/296"}],"wp:attachment":[{"href":"https:\/\/cultura.sma.gob.ar\/index.php?rest_route=%2Fwp%2Fv2%2Fmedia&parent=3021"}],"wp:term":[{"taxonomy":"category","embeddable":true,"href":"https:\/\/cultura.sma.gob.ar\/index.php?rest_route=%2Fwp%2Fv2%2Fcategories&post=3021"},{"taxonomy":"post_tag","embeddable":true,"href":"https:\/\/cultura.sma.gob.ar\/index.php?rest_route=%2Fwp%2Fv2%2Ftags&post=3021"}],"curies":[{"name":"wp","href":"https:\/\/api.w.org\/{rel}","templated":true}]}}