{"id":3018,"date":"2022-03-01T12:22:08","date_gmt":"2022-03-01T15:22:08","guid":{"rendered":"http:\/\/cultura.sma.gob.ar\/?p=3018"},"modified":"2022-03-01T12:22:08","modified_gmt":"2022-03-01T15:22:08","slug":"llego-el-carnaval-intercultural-cordillerano-2022","status":"publish","type":"post","link":"https:\/\/cultura.sma.gob.ar\/?p=3018","title":{"rendered":"Lleg\u00f3 el Carnaval Intercultural Cordillerano 2022"},"content":{"rendered":"\n<figure class=\"wp-block-image size-large\"><img decoding=\"async\" src=\"https:\/\/scontent.fcpc1-1.fna.fbcdn.net\/v\/t39.30808-6\/274982664_4902649786485633_6456635389926242684_n.jpg?_nc_cat=106&amp;ccb=1-5&amp;_nc_sid=8bfeb9&amp;_nc_eui2=AeHfcuTgwk5HRU9QnKotUq3YKrqrpVZCnkMququlVkKeQwuDEunUNib95iInKqgmFWWRDPz6h9FPbmviKetkpNcq&amp;_nc_ohc=3rPNVsZgTCcAX_t3D96&amp;_nc_ht=scontent.fcpc1-1.fna&amp;oh=00_AT-lzTt0AyyfJSf1dQKzYS6_jJ6rR7EWUH5McbfYJ-e7eQ&amp;oe=62234E8B\" alt=\"\"\/><\/figure>\n\n\n\n<p>Se celebrar\u00e1 el 11\u00b0 Carnaval Intercultural Cordillerano que posibilitar\u00e1 el ansiado reencuentro de las murgas, comparsas, batucadas y caporales con el p\u00fablico de San Mart\u00edn de los Andes. <\/p>\n\n\n\n<p>El lunes 28 de feberero, desde las 18 hs, en la avenida San Mart\u00edn, van a poder disfrutar del despliegue y  magia de: <\/p>\n\n\n\n<p>&#8211; El sue\u00f1o del pibe<\/p>\n\n\n\n<p>&#8211; Apretando los dientes<\/p>\n\n\n\n<p>&#8211; Delirio rojo y negro<\/p>\n\n\n\n<p>&#8211; Aquelarre sure\u00f1o<\/p>\n\n\n\n<p>&#8211; Wara de los Andes<\/p>\n\n\n\n<p>&#8211; Kaypacha<\/p>\n\n\n\n<p>&#8211; Revelados del Carnaval<\/p>\n\n\n\n<p>&#8211; Agitando la pata<\/p>\n\n\n\n<p>&#8211; Espantadores de mufa<\/p>\n\n\n\n<p>&#8211; Herederos de Don Bosco<\/p>\n\n\n\n<p>&#8211; Los 22 Duendes (Jun\u00edn de los Andes)<\/p>\n\n\n\n<p>&#8211; Comparsa Shari<\/p>\n\n\n\n<p>Tras el desfile habr\u00e1 actuaciones sobre el escenario ubicado frente a plaza San Mart\u00edn.<\/p>\n\n\n\n<p>El martes 1 de marzo desde las 18 hs, en El Arenal, van a poder disfrutar del despliegue y la magia de: <\/p>\n\n\n\n<p>&#8211; El sue\u00f1o del pibe (murga)<\/p>\n\n\n\n<p>&#8211; Apretando los dientes (murga)<\/p>\n\n\n\n<p>&#8211; Delirio rojo y negro (murga) <\/p>\n\n\n\n<p>&#8211; Aquelarre sure\u00f1o (murga feminista)<\/p>\n\n\n\n<p>&#8211; Wara de los Andes (kaporal)<\/p>\n\n\n\n<p>&#8211; Kaypacha (kaporal)<\/p>\n\n\n\n<p>&#8211; Revelados del Carnaval<\/p>\n\n\n\n<p>&#8211; Agitando la pata<\/p>\n\n\n\n<p>&#8211; Espantadores de mufa<\/p>\n\n\n\n<p>&#8211; Herederos de Don Bosco<\/p>\n\n\n\n<p>&#8211; Los 22 Duendes<\/p>\n\n\n\n<p>&#8211; Comparsa Xiomara<\/p>\n\n\n\n<p> Desde la Secretar\u00eda de Cultura y desde la Municipalidad de San Mart\u00edn de los Andes agradecemos nuevamente a todas a agrupaciones e instituciones que participaron y colaboraron y, sobre todo, a cada vecino y vecina por ser parte de este gran festejo de carnaval.<\/p>\n","protected":false},"excerpt":{"rendered":"<p>Se celebrar\u00e1 el 11\u00b0 Carnaval Intercultural Cordillerano que posibilitar\u00e1 el ansiado reencuentro de las murgas, comparsas, batucadas y caporales con el p\u00fablico de San Mart\u00edn de los Andes. El lunes 28 de feberero, desde las 18 hs, en la avenida San Mart\u00edn, van a poder disfrutar del despliegue y magia de: &#8211; El sue\u00f1o del pibe &#8211; Apretando los dientes &#8211; Delirio rojo y negro &hellip; <a href=\"https:\/\/cultura.sma.gob.ar\/?p=3018\" class=\"more-link\">Continue reading <span class=\"screen-reader-text\">Lleg\u00f3 el Carnaval Intercultural Cordillerano 2022<\/span><\/a><\/p>\n","protected":false},"author":1,"featured_media":0,"comment_status":"closed","ping_status":"","sticky":false,"template":"","format":"image","meta":{"footnotes":""},"categories":[1],"tags":[],"class_list":["post-3018","post","type-post","status-publish","format-image","hentry","category-sin-categoria","post_format-post-format-image"],"_links":{"self":[{"href":"https:\/\/cultura.sma.gob.ar\/index.php?rest_route=\/wp\/v2\/posts\/3018","targetHints":{"allow":["GET"]}}],"collection":[{"href":"https:\/\/cultura.sma.gob.ar\/index.php?rest_route=\/wp\/v2\/posts"}],"about":[{"href":"https:\/\/cultura.sma.gob.ar\/index.php?rest_route=\/wp\/v2\/types\/post"}],"author":[{"embeddable":true,"href":"https:\/\/cultura.sma.gob.ar\/index.php?rest_route=\/wp\/v2\/users\/1"}],"replies":[{"embeddable":true,"href":"https:\/\/cultura.sma.gob.ar\/index.php?rest_route=%2Fwp%2Fv2%2Fcomments&post=3018"}],"version-history":[{"count":1,"href":"https:\/\/cultura.sma.gob.ar\/index.php?rest_route=\/wp\/v2\/posts\/3018\/revisions"}],"predecessor-version":[{"id":3019,"href":"https:\/\/cultura.sma.gob.ar\/index.php?rest_route=\/wp\/v2\/posts\/3018\/revisions\/3019"}],"wp:attachment":[{"href":"https:\/\/cultura.sma.gob.ar\/index.php?rest_route=%2Fwp%2Fv2%2Fmedia&parent=3018"}],"wp:term":[{"taxonomy":"category","embeddable":true,"href":"https:\/\/cultura.sma.gob.ar\/index.php?rest_route=%2Fwp%2Fv2%2Fcategories&post=3018"},{"taxonomy":"post_tag","embeddable":true,"href":"https:\/\/cultura.sma.gob.ar\/index.php?rest_route=%2Fwp%2Fv2%2Ftags&post=3018"}],"curies":[{"name":"wp","href":"https:\/\/api.w.org\/{rel}","templated":true}]}}