{"id":3005,"date":"2022-02-15T12:31:27","date_gmt":"2022-02-15T15:31:27","guid":{"rendered":"http:\/\/cultura.sma.gob.ar\/?p=3005"},"modified":"2022-05-10T10:12:20","modified_gmt":"2022-05-10T13:12:20","slug":"convocatoria-para-facilitadores-de-talleres-y-cursos-artisticos-y-culturales","status":"publish","type":"post","link":"https:\/\/cultura.sma.gob.ar\/?p=3005","title":{"rendered":"Convocatoria para facilitadores y facilitadoras de talleres, y cursos art\u00edsticos y culturales (FINALIZADA)"},"content":{"rendered":"\n<figure class=\"wp-block-image size-large\"><img loading=\"lazy\" decoding=\"async\" width=\"1024\" height=\"1024\" src=\"http:\/\/cultura.sma.gob.ar\/wp-content\/uploads\/2022\/02\/EC-FLYER-CONVOCATORIA-1024x1024.jpg\" alt=\"\" class=\"wp-image-3006\" srcset=\"https:\/\/cultura.sma.gob.ar\/wp-content\/uploads\/2022\/02\/EC-FLYER-CONVOCATORIA-1024x1024.jpg 1024w, https:\/\/cultura.sma.gob.ar\/wp-content\/uploads\/2022\/02\/EC-FLYER-CONVOCATORIA-300x300.jpg 300w, https:\/\/cultura.sma.gob.ar\/wp-content\/uploads\/2022\/02\/EC-FLYER-CONVOCATORIA-150x150.jpg 150w, https:\/\/cultura.sma.gob.ar\/wp-content\/uploads\/2022\/02\/EC-FLYER-CONVOCATORIA-768x768.jpg 768w, https:\/\/cultura.sma.gob.ar\/wp-content\/uploads\/2022\/02\/EC-FLYER-CONVOCATORIA-90x90.jpg 90w, https:\/\/cultura.sma.gob.ar\/wp-content\/uploads\/2022\/02\/EC-FLYER-CONVOCATORIA.jpg 1250w\" sizes=\"auto, (max-width: 1024px) 100vw, 1024px\" \/><\/figure>\n\n\n\n<p>La Secretar\u00eda de Cultura invita a presentar propuestas de talleres y cursos de formaci\u00f3n art\u00edstica y cultural para la edici\u00f3n 2022 del programa \u201cEstaciones Culturales\u201d.<\/p>\n\n\n\n<p>Las Estaciones Culturales comenzaron a funcionar en 2021, ofreciendo una amplia gama de actividades art\u00edsticas y culturales en distintos barrios de la localidad. Cada Estaci\u00f3n Cultural funciona tres veces a la semana entre las 16 y las 22 hs.<\/p>\n\n\n\n<p>La convocatoria a facilitadoras y facilitadores para este a\u00f1o estar\u00e1 abierta desde el martes 15 hasta el s\u00e1bado 26 de febrero. <\/p>\n\n\n\n<p>Importante: es condici\u00f3n indispensable contar con monotributo propio al momento de presentarse a la convocatoria.<\/p>\n\n\n\n<p>Para presentar propuestas, las personas interesadas deben completar el siguiente formulario: <a href=\"https:\/\/forms.gle\/Szio8fcyEKtpeQ738\">https:\/\/forms.gle\/Szio8fcyEKtpeQ738<\/a><\/p>\n","protected":false},"excerpt":{"rendered":"<p>La Secretar\u00eda de Cultura invita a presentar propuestas de talleres y cursos de formaci\u00f3n art\u00edstica y cultural para la edici\u00f3n 2022 del programa \u201cEstaciones Culturales\u201d. Las Estaciones Culturales comenzaron a funcionar en 2021, ofreciendo una amplia gama de actividades art\u00edsticas y culturales en distintos barrios de la localidad. Cada Estaci\u00f3n Cultural funciona tres veces a la semana entre las 16 y las 22 hs. La &hellip; <a href=\"https:\/\/cultura.sma.gob.ar\/?p=3005\" class=\"more-link\">Continue reading <span class=\"screen-reader-text\">Convocatoria para facilitadores y facilitadoras de talleres, y cursos art\u00edsticos y culturales (FINALIZADA)<\/span><\/a><\/p>\n","protected":false},"author":1,"featured_media":293,"comment_status":"closed","ping_status":"closed","sticky":false,"template":"","format":"image","meta":{"footnotes":""},"categories":[7],"tags":[],"class_list":["post-3005","post","type-post","status-publish","format-image","has-post-thumbnail","hentry","category-talleres-cultura","post_format-post-format-image"],"_links":{"self":[{"href":"https:\/\/cultura.sma.gob.ar\/index.php?rest_route=\/wp\/v2\/posts\/3005","targetHints":{"allow":["GET"]}}],"collection":[{"href":"https:\/\/cultura.sma.gob.ar\/index.php?rest_route=\/wp\/v2\/posts"}],"about":[{"href":"https:\/\/cultura.sma.gob.ar\/index.php?rest_route=\/wp\/v2\/types\/post"}],"author":[{"embeddable":true,"href":"https:\/\/cultura.sma.gob.ar\/index.php?rest_route=\/wp\/v2\/users\/1"}],"replies":[{"embeddable":true,"href":"https:\/\/cultura.sma.gob.ar\/index.php?rest_route=%2Fwp%2Fv2%2Fcomments&post=3005"}],"version-history":[{"count":6,"href":"https:\/\/cultura.sma.gob.ar\/index.php?rest_route=\/wp\/v2\/posts\/3005\/revisions"}],"predecessor-version":[{"id":3268,"href":"https:\/\/cultura.sma.gob.ar\/index.php?rest_route=\/wp\/v2\/posts\/3005\/revisions\/3268"}],"wp:featuredmedia":[{"embeddable":true,"href":"https:\/\/cultura.sma.gob.ar\/index.php?rest_route=\/wp\/v2\/media\/293"}],"wp:attachment":[{"href":"https:\/\/cultura.sma.gob.ar\/index.php?rest_route=%2Fwp%2Fv2%2Fmedia&parent=3005"}],"wp:term":[{"taxonomy":"category","embeddable":true,"href":"https:\/\/cultura.sma.gob.ar\/index.php?rest_route=%2Fwp%2Fv2%2Fcategories&post=3005"},{"taxonomy":"post_tag","embeddable":true,"href":"https:\/\/cultura.sma.gob.ar\/index.php?rest_route=%2Fwp%2Fv2%2Ftags&post=3005"}],"curies":[{"name":"wp","href":"https:\/\/api.w.org\/{rel}","templated":true}]}}