{"id":3002,"date":"2022-02-13T17:12:25","date_gmt":"2022-02-13T20:12:25","guid":{"rendered":"http:\/\/cultura.sma.gob.ar\/?p=3002"},"modified":"2022-02-13T17:12:25","modified_gmt":"2022-02-13T20:12:25","slug":"rafa-doorish-presenta-molino-18-de-febrero-2130-hs-centro-cultural-cotesma","status":"publish","type":"post","link":"https:\/\/cultura.sma.gob.ar\/?p=3002","title":{"rendered":"Rafa Doorish presenta \u201cMOLINO\u201d \/ 18 de febrero, 21:30 hs, Centro Cultural Cotesma"},"content":{"rendered":"\n<figure class=\"wp-block-image size-large\"><img loading=\"lazy\" decoding=\"async\" width=\"1024\" height=\"1024\" src=\"http:\/\/cultura.sma.gob.ar\/wp-content\/uploads\/2022\/02\/Rafa-Doorish-Flyer-18-02-1024x1024.jpeg\" alt=\"\" class=\"wp-image-3003\" srcset=\"https:\/\/cultura.sma.gob.ar\/wp-content\/uploads\/2022\/02\/Rafa-Doorish-Flyer-18-02-1024x1024.jpeg 1024w, https:\/\/cultura.sma.gob.ar\/wp-content\/uploads\/2022\/02\/Rafa-Doorish-Flyer-18-02-300x300.jpeg 300w, https:\/\/cultura.sma.gob.ar\/wp-content\/uploads\/2022\/02\/Rafa-Doorish-Flyer-18-02-150x150.jpeg 150w, https:\/\/cultura.sma.gob.ar\/wp-content\/uploads\/2022\/02\/Rafa-Doorish-Flyer-18-02-768x768.jpeg 768w, https:\/\/cultura.sma.gob.ar\/wp-content\/uploads\/2022\/02\/Rafa-Doorish-Flyer-18-02-90x90.jpeg 90w, https:\/\/cultura.sma.gob.ar\/wp-content\/uploads\/2022\/02\/Rafa-Doorish-Flyer-18-02.jpeg 1280w\" sizes=\"auto, (max-width: 1024px) 100vw, 1024px\" \/><\/figure>\n\n\n\n<p>El pr\u00f3ximo viernes, 18 de febrero a las 21:30hs, en la Sala Amankay, compartiremos otra imperdible noche musical. El m\u00fasico, cantautor e interprete Rafa Doorish presenta \u201cMOLINO\u201d su trabajo discogr\u00e1fico, recientemente postulado para los Premios Gardel 2022.<\/p>\n\n\n\n<p>Rafa Doorish naci\u00f3 un 10 de mayo en la localidad bonaerense de Urdampilleta.<br>Comenz\u00f3 a componer sus primeras canciones en su adolescencia influenciado por la trova, rock nacional y folclore.<\/p>\n\n\n\n<p>En 2010 radic\u00f3 en la Ciudad Aut\u00f3noma de Buenos Aires donde empez\u00f3 a rodar sus m\u00fasicas por diferentes \u00e1mbitos de la canci\u00f3n cobrando as\u00ed un p\u00fablico cautivo hasta que en el a\u00f1o 2020 logra largar su primer \u00e1lbum solista llamado &#8220;Molino&#8221; donde colaboran artistas como Gustavo Santaolalla, Hugo Fattoruso, Marta G\u00f3mez, Daniel Melingo, Edu \u201cPitufo\u201d Lombardo, Fernando Barrientos&nbsp;y Micaela Chauque.&nbsp;<\/p>\n\n\n\n<p>As\u00ed el m\u00fasico logra empezar a participar de diversos festivales nacionales e internacionales como:<br>&#8211; Certamen d\u00e9 cantautores &#8220;Sabina por aqu\u00ed&#8221; (Espa\u00f1a) compartiendo con el artista espa\u00f1ol Joaqu\u00edn Sabina y su Banda;<br>&#8211; Festival &#8220;Tyrona Music fest&#8221; en Santa Marta Colombiano;<br>&#8211; Festival &#8220;Mercat de m\u00fasica viva de Vic Barcelona Espa\u00f1a;<br>&#8211; Festival &#8220;Alfonsino Reyes&#8221; Mexico 2019 y 2020.<\/p>\n\n\n\n<p>Hoy el m\u00fasico comenz\u00f3 a girar su disco por Argentina y se encuentra participando de uno de los festivales m\u00e1s importantes del pa\u00eds en la ciudad de Buenos Aires &#8220;Bienal Joven 2022&#8221;.<br><br>CONTACTO:<br>Rafa Doorish<br>+549-1136747082<\/p>\n\n\n\n<p>Entrada General $500.<br>En venta en la boleteria del Centro Cultural.<\/p>\n","protected":false},"excerpt":{"rendered":"<p>El pr\u00f3ximo viernes, 18 de febrero a las 21:30hs, en la Sala Amankay, compartiremos otra imperdible noche musical. El m\u00fasico, cantautor e interprete Rafa Doorish presenta \u201cMOLINO\u201d su trabajo discogr\u00e1fico, recientemente postulado para los Premios Gardel 2022. Rafa Doorish naci\u00f3 un 10 de mayo en la localidad bonaerense de Urdampilleta.Comenz\u00f3 a componer sus primeras canciones en su adolescencia influenciado por la trova, rock nacional y &hellip; <a href=\"https:\/\/cultura.sma.gob.ar\/?p=3002\" class=\"more-link\">Continue reading <span class=\"screen-reader-text\">Rafa Doorish presenta \u201cMOLINO\u201d \/ 18 de febrero, 21:30 hs, Centro Cultural Cotesma<\/span><\/a><\/p>\n","protected":false},"author":1,"featured_media":297,"comment_status":"closed","ping_status":"","sticky":false,"template":"","format":"image","meta":{"footnotes":""},"categories":[2],"tags":[],"class_list":["post-3002","post","type-post","status-publish","format-image","has-post-thumbnail","hentry","category-ciudad-cultural","post_format-post-format-image"],"_links":{"self":[{"href":"https:\/\/cultura.sma.gob.ar\/index.php?rest_route=\/wp\/v2\/posts\/3002","targetHints":{"allow":["GET"]}}],"collection":[{"href":"https:\/\/cultura.sma.gob.ar\/index.php?rest_route=\/wp\/v2\/posts"}],"about":[{"href":"https:\/\/cultura.sma.gob.ar\/index.php?rest_route=\/wp\/v2\/types\/post"}],"author":[{"embeddable":true,"href":"https:\/\/cultura.sma.gob.ar\/index.php?rest_route=\/wp\/v2\/users\/1"}],"replies":[{"embeddable":true,"href":"https:\/\/cultura.sma.gob.ar\/index.php?rest_route=%2Fwp%2Fv2%2Fcomments&post=3002"}],"version-history":[{"count":1,"href":"https:\/\/cultura.sma.gob.ar\/index.php?rest_route=\/wp\/v2\/posts\/3002\/revisions"}],"predecessor-version":[{"id":3004,"href":"https:\/\/cultura.sma.gob.ar\/index.php?rest_route=\/wp\/v2\/posts\/3002\/revisions\/3004"}],"wp:featuredmedia":[{"embeddable":true,"href":"https:\/\/cultura.sma.gob.ar\/index.php?rest_route=\/wp\/v2\/media\/297"}],"wp:attachment":[{"href":"https:\/\/cultura.sma.gob.ar\/index.php?rest_route=%2Fwp%2Fv2%2Fmedia&parent=3002"}],"wp:term":[{"taxonomy":"category","embeddable":true,"href":"https:\/\/cultura.sma.gob.ar\/index.php?rest_route=%2Fwp%2Fv2%2Fcategories&post=3002"},{"taxonomy":"post_tag","embeddable":true,"href":"https:\/\/cultura.sma.gob.ar\/index.php?rest_route=%2Fwp%2Fv2%2Ftags&post=3002"}],"curies":[{"name":"wp","href":"https:\/\/api.w.org\/{rel}","templated":true}]}}