{"id":2999,"date":"2022-02-13T17:10:05","date_gmt":"2022-02-13T20:10:05","guid":{"rendered":"http:\/\/cultura.sma.gob.ar\/?p=2999"},"modified":"2022-02-13T17:10:05","modified_gmt":"2022-02-13T20:10:05","slug":"oniria-cuarteto-presenta-paimun-22-de-febrero-21-hs-centro-cultural-cotesma","status":"publish","type":"post","link":"https:\/\/cultura.sma.gob.ar\/?p=2999","title":{"rendered":"Oniria Cuarteto presenta \u201cPAIMUN\u201d \/ 22 de febrero, 21 hs, Centro Cultural Cotesma"},"content":{"rendered":"\n<figure class=\"wp-block-image size-large\"><img loading=\"lazy\" decoding=\"async\" width=\"822\" height=\"1024\" src=\"http:\/\/cultura.sma.gob.ar\/wp-content\/uploads\/2022\/02\/Oniria-Flyer-Feed-822x1024.jpg\" alt=\"\" class=\"wp-image-3000\" srcset=\"https:\/\/cultura.sma.gob.ar\/wp-content\/uploads\/2022\/02\/Oniria-Flyer-Feed-822x1024.jpg 822w, https:\/\/cultura.sma.gob.ar\/wp-content\/uploads\/2022\/02\/Oniria-Flyer-Feed-241x300.jpg 241w, https:\/\/cultura.sma.gob.ar\/wp-content\/uploads\/2022\/02\/Oniria-Flyer-Feed-768x957.jpg 768w, https:\/\/cultura.sma.gob.ar\/wp-content\/uploads\/2022\/02\/Oniria-Flyer-Feed-72x90.jpg 72w, https:\/\/cultura.sma.gob.ar\/wp-content\/uploads\/2022\/02\/Oniria-Flyer-Feed.jpg 1027w\" sizes=\"auto, (max-width: 822px) 100vw, 822px\" \/><\/figure>\n\n\n\n<p>El pr\u00f3ximo martes, 22 de febrero a las 21hs en la Sala Amankay del Centro Cultural Cotesma, Oniria Cuarteto presenta \u201cPAIMUN\u201d, su nuevo trabajo discogr\u00e1fico.<br><br>Oniria es una agrupaci\u00f3n que desarrolla su m\u00fasica dentro del g\u00e9nero &#8220;Jazz Contempor\u00e1neo&#8221;, la propuesta del cuarteto es instrumental, y plasman un lenguaje musical \u00fanico y original, en donde dan \u00e9nfasis a la dualidad entre la naturaleza y la tecnolog\u00eda.<\/p>\n\n\n\n<p>En la noche del 22 de febrero se dar\u00e1 un momento \u00fanico, donde presentaran 7 composiciones musicales, inspiradas en las distintas manifestaciones de la vida en los paisajes de la regi\u00f3n Patagonica, y en las vivencias de cada integrante, individuales y grupales. Representando as\u00ed a trav\u00e9s de la m\u00fasica distintos momentos y estados emocionales. Un show din\u00e1mico que constara con grandes invitadxs para hacer de este momento una noche especial y \u00fanica.<\/p>\n\n\n\n<p>\u201cPAIMUN\u201d es el nuevo material discogr\u00e1fico de Oniria Cuarteto, sera estrenado en la Sala Amankay.<br>Las obras del disco son todas composiciones propias de la banda, estas m\u00fasicas reflejan momentos, lugares, conversaciones y vivencias del grupo en los bosques y lagos andinos, en la zona del Lago Paimun, por esto el nombre del disco, un homenaje a estos sagrados espacios que habitamos. A esto se le suma la intervenci\u00f3n de la tecnolog\u00eda y la infinita gama sonora que ofrecen los instrumentos electr\u00f3nicos. Con una amplia gama de emociones, estas m\u00fasicas abordan estados profundos del ser humano, tales como, extrema alegr\u00eda, nostalgia, reflexi\u00f3n, enojo, aprendizaje, sabidur\u00eda, calma, etc.<\/p>\n\n\n\n<p>\u201cPAIMUN\u201d es el resultado de a\u00f1os de trabajo en equipo, aprendiendo a dialogar e interpretar a trav\u00e9s de nuestros instrumentos musicales, pudiendo as\u00ed expresarnos con otro tipo de libertad.<\/p>\n\n\n\n<p>Entrada General $600.- En venta en la boleteria del Centro Cultural Cotesma.<\/p>\n\n\n\n<p><strong>Redes Sociales:<\/strong><\/p>\n\n\n\n<ul class=\"wp-block-list\"><li><strong>Facebook:&nbsp;<\/strong><a href=\"https:\/\/correo.smandes.gov.ar\/owa\/redir.aspx?C=c696f3f72e5b4bb584fe24bda4c4b101&amp;URL=https%3a%2f%2fwww.facebook.com%2foniriacuarteto\" target=\"_blank\" rel=\"noreferrer noopener\">https:\/\/www.facebook.com\/oniriacuarteto<\/a><\/li><li><strong>Instagram:<\/strong>&nbsp;<a href=\"https:\/\/correo.smandes.gov.ar\/owa\/redir.aspx?C=c696f3f72e5b4bb584fe24bda4c4b101&amp;URL=https%3a%2f%2fwww.instagram.com%2foniriacuarteto\" target=\"_blank\" rel=\"noreferrer noopener\">https:\/\/www.instagram.com\/oniriacuarteto<\/a><\/li><li><strong>Youtube:<\/strong>&nbsp;<a href=\"https:\/\/correo.smandes.gov.ar\/owa\/redir.aspx?C=c696f3f72e5b4bb584fe24bda4c4b101&amp;URL=https%3a%2f%2fwww.youtube.com%2fchannel%2fUC5cwBQHpOQRnXfV4ACkVQTw\" target=\"_blank\" rel=\"noreferrer noopener\">https:\/\/www.youtube.com\/channel\/UC5cwBQHpOQRnXfV4ACkVQTw<\/a><\/li><li><a href=\"https:\/\/correo.smandes.gov.ar\/owa\/redir.aspx?C=c696f3f72e5b4bb584fe24bda4c4b101&amp;URL=mailto%3aoniria.cente%40gmai.com\">cente@gmai.com<\/a><\/li><li>2996202179<\/li><\/ul>\n\n\n\n<p><strong>&nbsp;Adelanto de 1er disco&nbsp;<\/strong><strong>\u2018\u2019PAIMUN\u2019\u2019:<br>\u2018\u2019FUTURO\u2019\u2019:<\/strong><br><a href=\"https:\/\/correo.smandes.gov.ar\/owa\/redir.aspx?C=c696f3f72e5b4bb584fe24bda4c4b101&amp;URL=https%3a%2f%2fwww.youtube.com%2fwatch%3fv%3dRgQUpPOkScI\" target=\"_blank\" rel=\"noreferrer noopener\">https:\/\/www.youtube.com\/watch?v=RgQUpPOkScI<\/a><\/p>\n\n\n\n<p><strong>\u2018\u2019VUELO SIMETRICO\u2019\u2019<\/strong><br><a href=\"https:\/\/correo.smandes.gov.ar\/owa\/redir.aspx?C=c696f3f72e5b4bb584fe24bda4c4b101&amp;URL=https%3a%2f%2fwww.youtube.com%2fwatch%3fv%3de0Bs4M66mTk\" target=\"_blank\" rel=\"noreferrer noopener\">ONIRIA CUARTETO &#8211; VUELO SIMETRICO | SESION EN VIVO en la PATAGONIA ARGENTINA<\/a><\/p>\n\n\n\n<p><strong>\u2018\u2019GEOMETR\u00cdA FRACTAL\u2019\u2019:<\/strong><br><a href=\"https:\/\/correo.smandes.gov.ar\/owa\/redir.aspx?C=c696f3f72e5b4bb584fe24bda4c4b101&amp;URL=https%3a%2f%2fwww.youtube.com%2fwatch%3fv%3dt-P8uBz57D0\" target=\"_blank\" rel=\"noreferrer noopener\">https:\/\/www.youtube.com\/watch?v=t-P8uBz57D0<\/a><\/p>\n\n\n\n<p><strong>ONIRIA CUARTETO + CURUCUMBA SESION en VIVO en la PATAGONIA ARGENTINA:<\/strong><br><a href=\"https:\/\/correo.smandes.gov.ar\/owa\/redir.aspx?C=c696f3f72e5b4bb584fe24bda4c4b101&amp;URL=https%3a%2f%2fwww.youtube.com%2fwatch%3fv%3dV2RASkvT7qM\" target=\"_blank\" rel=\"noreferrer noopener\">https:\/\/www.youtube.com\/watch?v=V2RASkvT7qM<\/a><\/p>\n\n\n\n<p><strong>Sesion en Vivo en Kollage Sesiones:<\/strong><br><a href=\"https:\/\/correo.smandes.gov.ar\/owa\/redir.aspx?C=c696f3f72e5b4bb584fe24bda4c4b101&amp;URL=https%3a%2f%2fwww.youtube.com%2fwatch%3fv%3dWhNDS8k75qk\" target=\"_blank\" rel=\"noreferrer noopener\">https:\/\/www.youtube.com\/watch?v=WhNDS8k75qk<\/a><\/p>\n","protected":false},"excerpt":{"rendered":"<p>El pr\u00f3ximo martes, 22 de febrero a las 21hs en la Sala Amankay del Centro Cultural Cotesma, Oniria Cuarteto presenta \u201cPAIMUN\u201d, su nuevo trabajo discogr\u00e1fico. Oniria es una agrupaci\u00f3n que desarrolla su m\u00fasica dentro del g\u00e9nero &#8220;Jazz Contempor\u00e1neo&#8221;, la propuesta del cuarteto es instrumental, y plasman un lenguaje musical \u00fanico y original, en donde dan \u00e9nfasis a la dualidad entre la naturaleza y la tecnolog\u00eda. &hellip; <a href=\"https:\/\/cultura.sma.gob.ar\/?p=2999\" class=\"more-link\">Continue reading <span class=\"screen-reader-text\">Oniria Cuarteto presenta \u201cPAIMUN\u201d \/ 22 de febrero, 21 hs, Centro Cultural Cotesma<\/span><\/a><\/p>\n","protected":false},"author":1,"featured_media":297,"comment_status":"closed","ping_status":"","sticky":false,"template":"","format":"image","meta":{"footnotes":""},"categories":[2],"tags":[],"class_list":["post-2999","post","type-post","status-publish","format-image","has-post-thumbnail","hentry","category-ciudad-cultural","post_format-post-format-image"],"_links":{"self":[{"href":"https:\/\/cultura.sma.gob.ar\/index.php?rest_route=\/wp\/v2\/posts\/2999","targetHints":{"allow":["GET"]}}],"collection":[{"href":"https:\/\/cultura.sma.gob.ar\/index.php?rest_route=\/wp\/v2\/posts"}],"about":[{"href":"https:\/\/cultura.sma.gob.ar\/index.php?rest_route=\/wp\/v2\/types\/post"}],"author":[{"embeddable":true,"href":"https:\/\/cultura.sma.gob.ar\/index.php?rest_route=\/wp\/v2\/users\/1"}],"replies":[{"embeddable":true,"href":"https:\/\/cultura.sma.gob.ar\/index.php?rest_route=%2Fwp%2Fv2%2Fcomments&post=2999"}],"version-history":[{"count":1,"href":"https:\/\/cultura.sma.gob.ar\/index.php?rest_route=\/wp\/v2\/posts\/2999\/revisions"}],"predecessor-version":[{"id":3001,"href":"https:\/\/cultura.sma.gob.ar\/index.php?rest_route=\/wp\/v2\/posts\/2999\/revisions\/3001"}],"wp:featuredmedia":[{"embeddable":true,"href":"https:\/\/cultura.sma.gob.ar\/index.php?rest_route=\/wp\/v2\/media\/297"}],"wp:attachment":[{"href":"https:\/\/cultura.sma.gob.ar\/index.php?rest_route=%2Fwp%2Fv2%2Fmedia&parent=2999"}],"wp:term":[{"taxonomy":"category","embeddable":true,"href":"https:\/\/cultura.sma.gob.ar\/index.php?rest_route=%2Fwp%2Fv2%2Fcategories&post=2999"},{"taxonomy":"post_tag","embeddable":true,"href":"https:\/\/cultura.sma.gob.ar\/index.php?rest_route=%2Fwp%2Fv2%2Ftags&post=2999"}],"curies":[{"name":"wp","href":"https:\/\/api.w.org\/{rel}","templated":true}]}}