{"id":2996,"date":"2022-02-13T17:08:17","date_gmt":"2022-02-13T20:08:17","guid":{"rendered":"http:\/\/cultura.sma.gob.ar\/?p=2996"},"modified":"2022-02-13T17:08:17","modified_gmt":"2022-02-13T20:08:17","slug":"pablo-cunsolo-el-puente-19-de-febrero-2130-hs-centro-cultural-cotesma","status":"publish","type":"post","link":"https:\/\/cultura.sma.gob.ar\/?p=2996","title":{"rendered":"Pablo Cunsolo: \u201cEL PUENTE\u201d \/ 19 de febrero, 21:30 hs, Centro Cultural Cotesma"},"content":{"rendered":"\n<figure class=\"wp-block-image size-large\"><img loading=\"lazy\" decoding=\"async\" width=\"1024\" height=\"1024\" src=\"http:\/\/cultura.sma.gob.ar\/wp-content\/uploads\/2022\/02\/Pablo-Cunsolo-EL-PUENTE-Flyer-1024x1024.png\" alt=\"\" class=\"wp-image-2997\" srcset=\"https:\/\/cultura.sma.gob.ar\/wp-content\/uploads\/2022\/02\/Pablo-Cunsolo-EL-PUENTE-Flyer-1024x1024.png 1024w, https:\/\/cultura.sma.gob.ar\/wp-content\/uploads\/2022\/02\/Pablo-Cunsolo-EL-PUENTE-Flyer-300x300.png 300w, https:\/\/cultura.sma.gob.ar\/wp-content\/uploads\/2022\/02\/Pablo-Cunsolo-EL-PUENTE-Flyer-150x150.png 150w, https:\/\/cultura.sma.gob.ar\/wp-content\/uploads\/2022\/02\/Pablo-Cunsolo-EL-PUENTE-Flyer-768x768.png 768w, https:\/\/cultura.sma.gob.ar\/wp-content\/uploads\/2022\/02\/Pablo-Cunsolo-EL-PUENTE-Flyer-90x90.png 90w, https:\/\/cultura.sma.gob.ar\/wp-content\/uploads\/2022\/02\/Pablo-Cunsolo-EL-PUENTE-Flyer.png 1080w\" sizes=\"auto, (max-width: 1024px) 100vw, 1024px\" \/><\/figure>\n\n\n\n<p>El pr\u00f3ximo s\u00e1bado, 19 de febrero, a las 21:30hs en nuestra querida Sala Amankay vamos a vivir una noche especial junto al experto en Neurocomunicaci\u00f3n Pablo Cunsolo y su obra \u201cEL PUENTE\u201d.<br><br>Despu\u00e9s de quince a\u00f1os recorriendo escenarios de diez pa\u00edses y haberse presentado recientemente en el Teatro Broadway de avenida Corrientes, vamos a tener el enorme placer de recibir a Pablo Cunsolo en San Mart\u00edn de los Andes.<\/p>\n\n\n\n<p>&#8220;El Puente&#8221; es una obra Unipersonal, que combina humor, reflexi\u00f3n y aprendizaje en un s\u00f3lo espacio. Es un verdadero show del conocimiento, una monta\u00f1a rusa de emociones, una manera diferente y divertida de aprender a relacionarse mejor con los dem\u00e1s (pareja, familia, amigos, profesores, jefes, compa\u00f1eros o clientes).<\/p>\n\n\n\n<p>Dicen que cada persona es un mundo, aislado del resto por un abismo de miedos, creencias limitantes, condicionamientos mentales y prejuicios, que crean conflictos y desencuentros. A lo largo de esta obra, estudiaremos el terreno, contactaremos a los proveedores, elegiremos la materia prima, dise\u00f1aremos y construiremos &#8220;un puente&#8221; de comunicaci\u00f3n, que nos ayude a conectar y nos acerque a conocer y conquistar &#8220;nuevos mundos&#8221; (los otros).<br><br>Tanto la cr\u00edtica especializada como el p\u00fablico, coincidieron que &#8220;El Puente&#8221; es una experiencia divertida, movilizadora y sumamente inolvidable por ser diferente a todo lo conocido.<\/p>\n\n\n\n<p>Pablo Cunsolo es un apasionado de las artes y la ciencia de la comunicaci\u00f3n, desde hace m\u00e1s de 15 a\u00f1os acompa\u00f1a a personas de todo el mundo a mejorar sus Habilidades Sociales, es Master en Neurocomunicaci\u00f3n, Conferenciante Internacional y Director Fundador de la Escuela Argentina de Oratoria.<\/p>\n\n\n\n<p>Su sello distintivo es el de transmitir complejos conceptos acad\u00e9micos y cient\u00edficos, de una manera simple y muy divertida, que convierten cada una de sus presentaciones en una experiencia emotivamente inolvidable.<\/p>\n\n\n\n<p>Entrada General: $1.000 en venta en la boleter\u00eda del Centro Cultural Cotesma.<\/p>\n\n\n\n<p>Seguilo en sus redes:<br>FB:&nbsp;<a href=\"https:\/\/correo.smandes.gov.ar\/owa\/redir.aspx?C=c696f3f72e5b4bb584fe24bda4c4b101&amp;URL=https%3a%2f%2fwww.facebook.com%2fPabloCunsolo\" target=\"_blank\" rel=\"noreferrer noopener\">https:\/\/www.facebook.com\/PabloCunsolo<\/a><br>IG:<a href=\"https:\/\/correo.smandes.gov.ar\/owa\/redir.aspx?C=c696f3f72e5b4bb584fe24bda4c4b101&amp;URL=https%3a%2f%2fwww.instagram.com%2fpablo.cunsolo%2f\" target=\"_blank\" rel=\"noreferrer noopener\">https:\/\/www.instagram.com\/pablo.cunsolo\/<\/a><br>M\u00e1s informaci\u00f3n en&nbsp;<a href=\"https:\/\/correo.smandes.gov.ar\/owa\/redir.aspx?C=c696f3f72e5b4bb584fe24bda4c4b101&amp;URL=https%3a%2f%2fwww.pablocunsolo.com%2f\" target=\"_blank\" rel=\"noreferrer noopener\">https:\/\/www.pablocunsolo.com\/<\/a><br><br>NOTAS:<br>Nota en Infobae:&nbsp;<a href=\"https:\/\/correo.smandes.gov.ar\/owa\/redir.aspx?C=c696f3f72e5b4bb584fe24bda4c4b101&amp;URL=https%3a%2f%2fwww.infobae.com%2fsociedad%2f2021%2f10%2f16%2fcuales-son-los-beneficios-de-la-neurocomunicacion%2f%3ffbclid%3dIwAR0KuvAXXTzPinTvd6DL_8VZX4IY362nNsO78M0CRaz3gEZCHGC21-2FDkI\" target=\"_blank\" rel=\"noreferrer noopener\">https:\/\/www.infobae.com\/sociedad\/2021\/10\/16\/cuales-son-los-beneficios-de-la-neurocomunicacion\/<\/a><\/p>\n\n\n\n<p>15 a\u00f1os de trayectoria en 1 minuto:&nbsp;<a href=\"https:\/\/correo.smandes.gov.ar\/owa\/redir.aspx?C=c696f3f72e5b4bb584fe24bda4c4b101&amp;URL=https%3a%2f%2fyoutu.be%2fwRcD-qS51as\" target=\"_blank\" rel=\"noreferrer noopener\">https:\/\/youtu.be\/wRcD-qS51as<\/a><\/p>\n","protected":false},"excerpt":{"rendered":"<p>El pr\u00f3ximo s\u00e1bado, 19 de febrero, a las 21:30hs en nuestra querida Sala Amankay vamos a vivir una noche especial junto al experto en Neurocomunicaci\u00f3n Pablo Cunsolo y su obra \u201cEL PUENTE\u201d. Despu\u00e9s de quince a\u00f1os recorriendo escenarios de diez pa\u00edses y haberse presentado recientemente en el Teatro Broadway de avenida Corrientes, vamos a tener el enorme placer de recibir a Pablo Cunsolo en San &hellip; <a href=\"https:\/\/cultura.sma.gob.ar\/?p=2996\" class=\"more-link\">Continue reading <span class=\"screen-reader-text\">Pablo Cunsolo: \u201cEL PUENTE\u201d \/ 19 de febrero, 21:30 hs, Centro Cultural Cotesma<\/span><\/a><\/p>\n","protected":false},"author":1,"featured_media":297,"comment_status":"closed","ping_status":"","sticky":false,"template":"","format":"image","meta":{"footnotes":""},"categories":[2],"tags":[],"class_list":["post-2996","post","type-post","status-publish","format-image","has-post-thumbnail","hentry","category-ciudad-cultural","post_format-post-format-image"],"_links":{"self":[{"href":"https:\/\/cultura.sma.gob.ar\/index.php?rest_route=\/wp\/v2\/posts\/2996","targetHints":{"allow":["GET"]}}],"collection":[{"href":"https:\/\/cultura.sma.gob.ar\/index.php?rest_route=\/wp\/v2\/posts"}],"about":[{"href":"https:\/\/cultura.sma.gob.ar\/index.php?rest_route=\/wp\/v2\/types\/post"}],"author":[{"embeddable":true,"href":"https:\/\/cultura.sma.gob.ar\/index.php?rest_route=\/wp\/v2\/users\/1"}],"replies":[{"embeddable":true,"href":"https:\/\/cultura.sma.gob.ar\/index.php?rest_route=%2Fwp%2Fv2%2Fcomments&post=2996"}],"version-history":[{"count":1,"href":"https:\/\/cultura.sma.gob.ar\/index.php?rest_route=\/wp\/v2\/posts\/2996\/revisions"}],"predecessor-version":[{"id":2998,"href":"https:\/\/cultura.sma.gob.ar\/index.php?rest_route=\/wp\/v2\/posts\/2996\/revisions\/2998"}],"wp:featuredmedia":[{"embeddable":true,"href":"https:\/\/cultura.sma.gob.ar\/index.php?rest_route=\/wp\/v2\/media\/297"}],"wp:attachment":[{"href":"https:\/\/cultura.sma.gob.ar\/index.php?rest_route=%2Fwp%2Fv2%2Fmedia&parent=2996"}],"wp:term":[{"taxonomy":"category","embeddable":true,"href":"https:\/\/cultura.sma.gob.ar\/index.php?rest_route=%2Fwp%2Fv2%2Fcategories&post=2996"},{"taxonomy":"post_tag","embeddable":true,"href":"https:\/\/cultura.sma.gob.ar\/index.php?rest_route=%2Fwp%2Fv2%2Ftags&post=2996"}],"curies":[{"name":"wp","href":"https:\/\/api.w.org\/{rel}","templated":true}]}}