{"id":2987,"date":"2022-02-13T16:57:21","date_gmt":"2022-02-13T19:57:21","guid":{"rendered":"http:\/\/cultura.sma.gob.ar\/?p=2987"},"modified":"2022-02-13T16:57:21","modified_gmt":"2022-02-13T19:57:21","slug":"recorrido-peatonal-patrimonio-arquitectonico-de-san-martin-de-los-andes","status":"publish","type":"post","link":"https:\/\/cultura.sma.gob.ar\/?p=2987","title":{"rendered":"Recorrido peatonal &#8220;Patrimonio arquitect\u00f3nico de San Mart\u00edn de los Andes&#8221;"},"content":{"rendered":"\n<figure class=\"wp-block-image size-large\"><img decoding=\"async\" src=\"https:\/\/scontent.fcpc1-1.fna.fbcdn.net\/v\/t39.30808-6\/272953547_475728340766031_7777384241543935822_n.jpg?_nc_cat=100&amp;ccb=1-5&amp;_nc_sid=8bfeb9&amp;_nc_eui2=AeFxVgxTKXCCRO9h-rNd8mvzfV3kheF-Nu59XeSF4X427s73mM8RgYdnExioLru8wpiNfAG4tSss6ERIVcJiYNhC&amp;_nc_ohc=URVLVgxgtYcAX_WSbpa&amp;tn=5WXKOBupz5VycT2p&amp;_nc_ht=scontent.fcpc1-1.fna&amp;oh=00_AT_PbHPGFuURIykZLv82iQlLVihrIWasvK8avU1yPcXWHw&amp;oe=620D80B0\" alt=\"\"\/><\/figure>\n\n\n\n<p>La Secretar\u00eda de Cultura invita a turistas y a la comunidad en general a conocer una parte del patrimonio arquitect\u00f3nico de la ciudad. <\/p>\n\n\n\n<p> La propuesta consiste en realizar un recorrido de una hora de duraci\u00f3n, a pie, partiendo del Museo Municipal Primeros Pobladores. El grupo ir\u00e1 acompa\u00f1ado de una gu\u00eda de turismo que describir\u00e1 el recorrido. <\/p>\n\n\n\n<p>Las salidas ser\u00e1n todos los s\u00e1bados de febrero y el s\u00e1bado 5 de marzo, a las 19 horas. La actividad es gratuita.<\/p>\n\n\n\n<p> Esta propuesta complementa la muestra &#8220;El valle del Pocahullo&#8221; que puede visitarse todos los d\u00edas en el Museo Municipal Primeros Pobladores.<\/p>\n","protected":false},"excerpt":{"rendered":"<p>La Secretar\u00eda de Cultura invita a turistas y a la comunidad en general a conocer una parte del patrimonio arquitect\u00f3nico de la ciudad. La propuesta consiste en realizar un recorrido de una hora de duraci\u00f3n, a pie, partiendo del Museo Municipal Primeros Pobladores. El grupo ir\u00e1 acompa\u00f1ado de una gu\u00eda de turismo que describir\u00e1 el recorrido. Las salidas ser\u00e1n todos los s\u00e1bados de febrero y &hellip; <a href=\"https:\/\/cultura.sma.gob.ar\/?p=2987\" class=\"more-link\">Continue reading <span class=\"screen-reader-text\">Recorrido peatonal &#8220;Patrimonio arquitect\u00f3nico de San Mart\u00edn de los Andes&#8221;<\/span><\/a><\/p>\n","protected":false},"author":1,"featured_media":294,"comment_status":"closed","ping_status":"","sticky":false,"template":"","format":"image","meta":{"footnotes":""},"categories":[4],"tags":[],"class_list":["post-2987","post","type-post","status-publish","format-image","has-post-thumbnail","hentry","category-museo-primeros-pobladores","post_format-post-format-image"],"_links":{"self":[{"href":"https:\/\/cultura.sma.gob.ar\/index.php?rest_route=\/wp\/v2\/posts\/2987","targetHints":{"allow":["GET"]}}],"collection":[{"href":"https:\/\/cultura.sma.gob.ar\/index.php?rest_route=\/wp\/v2\/posts"}],"about":[{"href":"https:\/\/cultura.sma.gob.ar\/index.php?rest_route=\/wp\/v2\/types\/post"}],"author":[{"embeddable":true,"href":"https:\/\/cultura.sma.gob.ar\/index.php?rest_route=\/wp\/v2\/users\/1"}],"replies":[{"embeddable":true,"href":"https:\/\/cultura.sma.gob.ar\/index.php?rest_route=%2Fwp%2Fv2%2Fcomments&post=2987"}],"version-history":[{"count":1,"href":"https:\/\/cultura.sma.gob.ar\/index.php?rest_route=\/wp\/v2\/posts\/2987\/revisions"}],"predecessor-version":[{"id":2988,"href":"https:\/\/cultura.sma.gob.ar\/index.php?rest_route=\/wp\/v2\/posts\/2987\/revisions\/2988"}],"wp:featuredmedia":[{"embeddable":true,"href":"https:\/\/cultura.sma.gob.ar\/index.php?rest_route=\/wp\/v2\/media\/294"}],"wp:attachment":[{"href":"https:\/\/cultura.sma.gob.ar\/index.php?rest_route=%2Fwp%2Fv2%2Fmedia&parent=2987"}],"wp:term":[{"taxonomy":"category","embeddable":true,"href":"https:\/\/cultura.sma.gob.ar\/index.php?rest_route=%2Fwp%2Fv2%2Fcategories&post=2987"},{"taxonomy":"post_tag","embeddable":true,"href":"https:\/\/cultura.sma.gob.ar\/index.php?rest_route=%2Fwp%2Fv2%2Ftags&post=2987"}],"curies":[{"name":"wp","href":"https:\/\/api.w.org\/{rel}","templated":true}]}}