{"id":2982,"date":"2022-02-02T21:05:19","date_gmt":"2022-02-03T00:05:19","guid":{"rendered":"http:\/\/cultura.sma.gob.ar\/?p=2982"},"modified":"2022-02-02T21:05:19","modified_gmt":"2022-02-03T00:05:19","slug":"ya-fueron-seleccionadas-las-propuestas-para-la-sala-lidaura-chapitel-durante-2022","status":"publish","type":"post","link":"https:\/\/cultura.sma.gob.ar\/?p=2982","title":{"rendered":"Ya fueron seleccionadas las propuestas para la Sala Lidaura Chapitel durante 2022"},"content":{"rendered":"\n<figure class=\"wp-block-image size-large\"><img loading=\"lazy\" decoding=\"async\" width=\"720\" height=\"481\" src=\"http:\/\/cultura.sma.gob.ar\/wp-content\/uploads\/2022\/02\/WhatsApp-Image-2022-02-02-at-20.59.34.jpeg\" alt=\"\" class=\"wp-image-2983\" srcset=\"https:\/\/cultura.sma.gob.ar\/wp-content\/uploads\/2022\/02\/WhatsApp-Image-2022-02-02-at-20.59.34.jpeg 720w, https:\/\/cultura.sma.gob.ar\/wp-content\/uploads\/2022\/02\/WhatsApp-Image-2022-02-02-at-20.59.34-300x200.jpeg 300w, https:\/\/cultura.sma.gob.ar\/wp-content\/uploads\/2022\/02\/WhatsApp-Image-2022-02-02-at-20.59.34-135x90.jpeg 135w\" sizes=\"auto, (max-width: 720px) 100vw, 720px\" \/><\/figure>\n\n\n\n<p>Tenemos el agrado de compartir el resultado de la\u00a0<strong>selecci\u00f3n de propuestas expositivas<\/strong>\u00a0que se llev\u00f3 a cabo en el marco de la Convocatoria 2022 de la\u00a0<strong>Sala Municipal de Exposiciones<\/strong>\u00a0\u201c<strong>Lidaura Chapitel\u201d<\/strong>.<\/p>\n\n\n\n<p>Los asesores externos que intervinieron en este proceso de selecci\u00f3n fueron:<\/p>\n\n\n\n<p><strong>Gabriel Chamorrro,<\/strong>&nbsp;artista pl\u00e1stico y profesor (San Mart\u00edn de los Andes)<\/p>\n\n\n\n<p><strong>Marina Cisneros,&nbsp;<\/strong>artista fot\u00f3grafa y gestora cultural (Neuqu\u00e9n)<\/p>\n\n\n\n<p><strong>Tadeo Muleiro<\/strong>,&nbsp;artista visual (Ciudad de Buenos Aires)<\/p>\n\n\n\n<p>De un total de 61 postulaciones, fueron seleccionadas las propuestas expositivas de los&nbsp; siguientes artistas:<\/p>\n\n\n\n<p>Artistas de otras ciudades: Lali Martinez (Santa Fe),<strong>&nbsp;<\/strong>Maria Gabriela Boer y Valeria Calvo (La Plata); Pablo Bernasconi (Bariloche), Ana Engelman (Proyecto colectivo, de Buenos Aires), Delfina Filloy (Piedra del \u00c1guila, Neuqu\u00e9n), Maia Gattas (Bariloche), Maga Gonzalez (Buenos Aires), Nora Leston (Buenos Aires), Paula Nahmod (Buenos Aires), Fernanda Rege (Buenos Aires) y Mar\u00eda Cruz Sueiro (Puerto Madryn).<\/p>\n\n\n\n<p>Artistas de San Mart\u00edn de los Andes: Andrea Cosentino, Paloma Formoso, Luc\u00eda Bonato y Santiago Rodriguez, Dar\u00edo Mastrosimone y Lydia Zubizarreta.<\/p>\n\n\n\n<p>A estos \u00faltimos, se sumar\u00e1n otros seis proyectos expositivos de artistas locales invitados por la Secretar\u00eda de Cultura. De esta manera se completar\u00e1 el calendario anual de la Sala Lidaura Chapitel, con una participaci\u00f3n equitativa de artistas de otras ciudades y artistas sanmartinenses.<\/p>\n\n\n\n<p>De acuerdo a lo que se estableci\u00f3 en la Convocatoria, el artista de otra ciudad argentina que obtuvo la mejor calificaci\u00f3n contar\u00e1 con la cobertura de los gastos que implica su traslado y el de la obra. En este caso, se trata de Lali Mart\u00ednez, de la Provincia de Santa Fe.<\/p>\n\n\n\n<p>A su vez, Andrea Cosentino, por haber obtenido la mayor calificaci\u00f3n entre los artistas locales, contar\u00e1 con el mismo acompa\u00f1amiento para poder presentar su muestra en otra ciudad del pa\u00eds.<\/p>\n\n\n\n<p>En breve, nos comunicaremos con cada uno de los seleccionados para ir acordando los detalles de su participaci\u00f3n.<\/p>\n\n\n\n<p>Desde ya agradecemos a cada uno de las y los artistas que enviaron sus propuestas y les hacemos llegar un saludo afectuoso de todo el equipo de la Secretar\u00eda de Cultura.<\/p>\n","protected":false},"excerpt":{"rendered":"<p>Tenemos el agrado de compartir el resultado de la\u00a0selecci\u00f3n de propuestas expositivas\u00a0que se llev\u00f3 a cabo en el marco de la Convocatoria 2022 de la\u00a0Sala Municipal de Exposiciones\u00a0\u201cLidaura Chapitel\u201d. Los asesores externos que intervinieron en este proceso de selecci\u00f3n fueron: Gabriel Chamorrro,&nbsp;artista pl\u00e1stico y profesor (San Mart\u00edn de los Andes) Marina Cisneros,&nbsp;artista fot\u00f3grafa y gestora cultural (Neuqu\u00e9n) Tadeo Muleiro,&nbsp;artista visual (Ciudad de Buenos Aires) De &hellip; <a href=\"https:\/\/cultura.sma.gob.ar\/?p=2982\" class=\"more-link\">Continue reading <span class=\"screen-reader-text\">Ya fueron seleccionadas las propuestas para la Sala Lidaura Chapitel durante 2022<\/span><\/a><\/p>\n","protected":false},"author":1,"featured_media":295,"comment_status":"closed","ping_status":"","sticky":false,"template":"","format":"image","meta":{"footnotes":""},"categories":[6],"tags":[],"class_list":["post-2982","post","type-post","status-publish","format-image","has-post-thumbnail","hentry","category-sala-lidaura-chapitel","post_format-post-format-image"],"_links":{"self":[{"href":"https:\/\/cultura.sma.gob.ar\/index.php?rest_route=\/wp\/v2\/posts\/2982","targetHints":{"allow":["GET"]}}],"collection":[{"href":"https:\/\/cultura.sma.gob.ar\/index.php?rest_route=\/wp\/v2\/posts"}],"about":[{"href":"https:\/\/cultura.sma.gob.ar\/index.php?rest_route=\/wp\/v2\/types\/post"}],"author":[{"embeddable":true,"href":"https:\/\/cultura.sma.gob.ar\/index.php?rest_route=\/wp\/v2\/users\/1"}],"replies":[{"embeddable":true,"href":"https:\/\/cultura.sma.gob.ar\/index.php?rest_route=%2Fwp%2Fv2%2Fcomments&post=2982"}],"version-history":[{"count":1,"href":"https:\/\/cultura.sma.gob.ar\/index.php?rest_route=\/wp\/v2\/posts\/2982\/revisions"}],"predecessor-version":[{"id":2984,"href":"https:\/\/cultura.sma.gob.ar\/index.php?rest_route=\/wp\/v2\/posts\/2982\/revisions\/2984"}],"wp:featuredmedia":[{"embeddable":true,"href":"https:\/\/cultura.sma.gob.ar\/index.php?rest_route=\/wp\/v2\/media\/295"}],"wp:attachment":[{"href":"https:\/\/cultura.sma.gob.ar\/index.php?rest_route=%2Fwp%2Fv2%2Fmedia&parent=2982"}],"wp:term":[{"taxonomy":"category","embeddable":true,"href":"https:\/\/cultura.sma.gob.ar\/index.php?rest_route=%2Fwp%2Fv2%2Fcategories&post=2982"},{"taxonomy":"post_tag","embeddable":true,"href":"https:\/\/cultura.sma.gob.ar\/index.php?rest_route=%2Fwp%2Fv2%2Ftags&post=2982"}],"curies":[{"name":"wp","href":"https:\/\/api.w.org\/{rel}","templated":true}]}}