{"id":2978,"date":"2022-02-02T20:58:13","date_gmt":"2022-02-02T23:58:13","guid":{"rendered":"http:\/\/cultura.sma.gob.ar\/?p=2978"},"modified":"2022-02-02T20:58:13","modified_gmt":"2022-02-02T23:58:13","slug":"llega-la-exposicion-abierta-y-colectiva-de-artistas-locales-y-regionales","status":"publish","type":"post","link":"https:\/\/cultura.sma.gob.ar\/?p=2978","title":{"rendered":"Llega la Exposici\u00f3n Abierta y Colectiva de Artistas Locales y Regionales"},"content":{"rendered":"\n<figure class=\"wp-block-image size-large\"><img loading=\"lazy\" decoding=\"async\" width=\"724\" height=\"1024\" src=\"http:\/\/cultura.sma.gob.ar\/wp-content\/uploads\/2022\/02\/flyer-colectiva-724x1024.jpg\" alt=\"\" class=\"wp-image-2979\" srcset=\"https:\/\/cultura.sma.gob.ar\/wp-content\/uploads\/2022\/02\/flyer-colectiva-724x1024.jpg 724w, https:\/\/cultura.sma.gob.ar\/wp-content\/uploads\/2022\/02\/flyer-colectiva-212x300.jpg 212w, https:\/\/cultura.sma.gob.ar\/wp-content\/uploads\/2022\/02\/flyer-colectiva-768x1086.jpg 768w, https:\/\/cultura.sma.gob.ar\/wp-content\/uploads\/2022\/02\/flyer-colectiva-1086x1536.jpg 1086w, https:\/\/cultura.sma.gob.ar\/wp-content\/uploads\/2022\/02\/flyer-colectiva-1448x2048.jpg 1448w, https:\/\/cultura.sma.gob.ar\/wp-content\/uploads\/2022\/02\/flyer-colectiva-64x90.jpg 64w, https:\/\/cultura.sma.gob.ar\/wp-content\/uploads\/2022\/02\/flyer-colectiva.jpg 1754w\" sizes=\"auto, (max-width: 724px) 100vw, 724px\" \/><\/figure>\n\n\n\n<p><strong>Ser capaces de incidir de un modo imprevisto y singular en aquello que nos rodea es parte de las posibilidades que el arte nos ofrece. Ya sea como hacedores de las obras o como espectadores comprometidos con la intenci\u00f3n de dejarse conmover por las ideas y met\u00e1foras presentes en las producciones.<\/strong><\/p>\n\n\n\n<p><strong>Todo fluye en un ida y vuelta que le otorga sentido al hecho art\u00edstico.<\/strong><\/p>\n\n\n\n<p><strong>Formatos, disciplinas y lenguajes heterog\u00e9neos dan cuenta de la multiplicidad de miradas y recorridos. Y cuando la posibilidad de reunirnos sucede, en un punto de encuentro entre lo diverso y diferente, se enriquecen las experiencias y se potencian las vivencias.<\/strong><\/p>\n\n\n\n<p>La inauguraci\u00f3n de la exposici\u00f3n se realizar\u00e1 el s\u00e1bado 5 de febrero a las 20 hs.<\/p>\n\n\n\n<p>Dicha ocasi\u00f3n tan esperada, estar\u00e1 acompa\u00f1ada por la m\u00fasica en vivo de Coffee.exe.<\/p>\n","protected":false},"excerpt":{"rendered":"<p>Ser capaces de incidir de un modo imprevisto y singular en aquello que nos rodea es parte de las posibilidades que el arte nos ofrece. Ya sea como hacedores de las obras o como espectadores comprometidos con la intenci\u00f3n de dejarse conmover por las ideas y met\u00e1foras presentes en las producciones. Todo fluye en un ida y vuelta que le otorga sentido al hecho art\u00edstico. &hellip; <a href=\"https:\/\/cultura.sma.gob.ar\/?p=2978\" class=\"more-link\">Continue reading <span class=\"screen-reader-text\">Llega la Exposici\u00f3n Abierta y Colectiva de Artistas Locales y Regionales<\/span><\/a><\/p>\n","protected":false},"author":1,"featured_media":295,"comment_status":"closed","ping_status":"","sticky":false,"template":"","format":"image","meta":{"footnotes":""},"categories":[6],"tags":[],"class_list":["post-2978","post","type-post","status-publish","format-image","has-post-thumbnail","hentry","category-sala-lidaura-chapitel","post_format-post-format-image"],"_links":{"self":[{"href":"https:\/\/cultura.sma.gob.ar\/index.php?rest_route=\/wp\/v2\/posts\/2978","targetHints":{"allow":["GET"]}}],"collection":[{"href":"https:\/\/cultura.sma.gob.ar\/index.php?rest_route=\/wp\/v2\/posts"}],"about":[{"href":"https:\/\/cultura.sma.gob.ar\/index.php?rest_route=\/wp\/v2\/types\/post"}],"author":[{"embeddable":true,"href":"https:\/\/cultura.sma.gob.ar\/index.php?rest_route=\/wp\/v2\/users\/1"}],"replies":[{"embeddable":true,"href":"https:\/\/cultura.sma.gob.ar\/index.php?rest_route=%2Fwp%2Fv2%2Fcomments&post=2978"}],"version-history":[{"count":1,"href":"https:\/\/cultura.sma.gob.ar\/index.php?rest_route=\/wp\/v2\/posts\/2978\/revisions"}],"predecessor-version":[{"id":2980,"href":"https:\/\/cultura.sma.gob.ar\/index.php?rest_route=\/wp\/v2\/posts\/2978\/revisions\/2980"}],"wp:featuredmedia":[{"embeddable":true,"href":"https:\/\/cultura.sma.gob.ar\/index.php?rest_route=\/wp\/v2\/media\/295"}],"wp:attachment":[{"href":"https:\/\/cultura.sma.gob.ar\/index.php?rest_route=%2Fwp%2Fv2%2Fmedia&parent=2978"}],"wp:term":[{"taxonomy":"category","embeddable":true,"href":"https:\/\/cultura.sma.gob.ar\/index.php?rest_route=%2Fwp%2Fv2%2Fcategories&post=2978"},{"taxonomy":"post_tag","embeddable":true,"href":"https:\/\/cultura.sma.gob.ar\/index.php?rest_route=%2Fwp%2Fv2%2Ftags&post=2978"}],"curies":[{"name":"wp","href":"https:\/\/api.w.org\/{rel}","templated":true}]}}