{"id":2974,"date":"2022-02-01T20:48:27","date_gmt":"2022-02-01T23:48:27","guid":{"rendered":"http:\/\/cultura.sma.gob.ar\/?p=2974"},"modified":"2022-02-01T20:48:27","modified_gmt":"2022-02-01T23:48:27","slug":"operacion-ciudad-aventura-23-de-febrero-2030-hs-centro-cultural-cotesma","status":"publish","type":"post","link":"https:\/\/cultura.sma.gob.ar\/?p=2974","title":{"rendered":"&#8221;Operaci\u00f3n Ciudad Aventura&#8221; \/ 23 de febrero, 20:30 hs \/ Centro Cultural Cotesma"},"content":{"rendered":"\n<figure class=\"wp-block-image size-large\"><img loading=\"lazy\" decoding=\"async\" width=\"612\" height=\"494\" src=\"http:\/\/cultura.sma.gob.ar\/wp-content\/uploads\/2022\/02\/OPERACION-CIUDAD-AVENTURA-Flyer-Final.jpg\" alt=\"\" class=\"wp-image-2975\" srcset=\"https:\/\/cultura.sma.gob.ar\/wp-content\/uploads\/2022\/02\/OPERACION-CIUDAD-AVENTURA-Flyer-Final.jpg 612w, https:\/\/cultura.sma.gob.ar\/wp-content\/uploads\/2022\/02\/OPERACION-CIUDAD-AVENTURA-Flyer-Final-300x242.jpg 300w, https:\/\/cultura.sma.gob.ar\/wp-content\/uploads\/2022\/02\/OPERACION-CIUDAD-AVENTURA-Flyer-Final-111x90.jpg 111w\" sizes=\"auto, (max-width: 612px) 100vw, 612px\" \/><\/figure>\n\n\n\n<p><strong><u>\u201cOPERACI\u00d3N CIUDAD AVENTURA\u201d<br><\/u><\/strong>Llega a la Sala Amankay, la segunda temporada \u201cEn vivo\u201d de la Patrulla m\u00e1s querida por los los Ni\u00f1os. \u201cOperaci\u00f3n Ciudad Aventura\u201d es el gran show que todos est\u00e1bamos esperando. Un musical donde encontraremos canciones, coreograf\u00edas, diversi\u00f3n y mucho que aprender. Un espect\u00e1culo multimedia 3D con efectos especiales para que lo disfrute toda la familia. Los m\u00e1s chicos aprender\u00e1n a superar situaciones que los rodean cotidianamente. Un show donde van a conocer a fondo a sus personajes favoritos y adem\u00e1s podr\u00e1n interactuar con ellos, ayud\u00e1ndolos a resolver todo tipo de situaciones. \u00bfPodr\u00e1n nuestros cachorros solucionar los problemas que se les presentan? Es momento de vivir junto a ellos esta gran misi\u00f3n.<\/p>\n\n\n\n<p>Un show pensado, no s\u00f3lo para los chicos, sino tambi\u00e9n para los grandes: \u201cOperaci\u00f3n Ciudad Aventura\u201d los espera.<\/p>\n\n\n\n<p>Entrada General $1.300.- En venta en la boleter\u00eda del Centro Cultural. Las entradas se abonan desde un a\u00f1o cumplido.<\/p>\n","protected":false},"excerpt":{"rendered":"<p>\u201cOPERACI\u00d3N CIUDAD AVENTURA\u201dLlega a la Sala Amankay, la segunda temporada \u201cEn vivo\u201d de la Patrulla m\u00e1s querida por los los Ni\u00f1os. \u201cOperaci\u00f3n Ciudad Aventura\u201d es el gran show que todos est\u00e1bamos esperando. Un musical donde encontraremos canciones, coreograf\u00edas, diversi\u00f3n y mucho que aprender. Un espect\u00e1culo multimedia 3D con efectos especiales para que lo disfrute toda la familia. Los m\u00e1s chicos aprender\u00e1n a superar situaciones que &hellip; <a href=\"https:\/\/cultura.sma.gob.ar\/?p=2974\" class=\"more-link\">Continue reading <span class=\"screen-reader-text\">&#8221;Operaci\u00f3n Ciudad Aventura&#8221; \/ 23 de febrero, 20:30 hs \/ Centro Cultural Cotesma<\/span><\/a><\/p>\n","protected":false},"author":1,"featured_media":297,"comment_status":"closed","ping_status":"","sticky":false,"template":"","format":"image","meta":{"footnotes":""},"categories":[2],"tags":[],"class_list":["post-2974","post","type-post","status-publish","format-image","has-post-thumbnail","hentry","category-ciudad-cultural","post_format-post-format-image"],"_links":{"self":[{"href":"https:\/\/cultura.sma.gob.ar\/index.php?rest_route=\/wp\/v2\/posts\/2974","targetHints":{"allow":["GET"]}}],"collection":[{"href":"https:\/\/cultura.sma.gob.ar\/index.php?rest_route=\/wp\/v2\/posts"}],"about":[{"href":"https:\/\/cultura.sma.gob.ar\/index.php?rest_route=\/wp\/v2\/types\/post"}],"author":[{"embeddable":true,"href":"https:\/\/cultura.sma.gob.ar\/index.php?rest_route=\/wp\/v2\/users\/1"}],"replies":[{"embeddable":true,"href":"https:\/\/cultura.sma.gob.ar\/index.php?rest_route=%2Fwp%2Fv2%2Fcomments&post=2974"}],"version-history":[{"count":1,"href":"https:\/\/cultura.sma.gob.ar\/index.php?rest_route=\/wp\/v2\/posts\/2974\/revisions"}],"predecessor-version":[{"id":2976,"href":"https:\/\/cultura.sma.gob.ar\/index.php?rest_route=\/wp\/v2\/posts\/2974\/revisions\/2976"}],"wp:featuredmedia":[{"embeddable":true,"href":"https:\/\/cultura.sma.gob.ar\/index.php?rest_route=\/wp\/v2\/media\/297"}],"wp:attachment":[{"href":"https:\/\/cultura.sma.gob.ar\/index.php?rest_route=%2Fwp%2Fv2%2Fmedia&parent=2974"}],"wp:term":[{"taxonomy":"category","embeddable":true,"href":"https:\/\/cultura.sma.gob.ar\/index.php?rest_route=%2Fwp%2Fv2%2Fcategories&post=2974"},{"taxonomy":"post_tag","embeddable":true,"href":"https:\/\/cultura.sma.gob.ar\/index.php?rest_route=%2Fwp%2Fv2%2Ftags&post=2974"}],"curies":[{"name":"wp","href":"https:\/\/api.w.org\/{rel}","templated":true}]}}