{"id":2971,"date":"2022-02-01T20:47:11","date_gmt":"2022-02-01T23:47:11","guid":{"rendered":"http:\/\/cultura.sma.gob.ar\/?p=2971"},"modified":"2022-02-01T20:47:11","modified_gmt":"2022-02-01T23:47:11","slug":"masha-y-el-oso-en-vivo-2-23-de-febrero-19-hs-centro-cultural-cotesma","status":"publish","type":"post","link":"https:\/\/cultura.sma.gob.ar\/?p=2971","title":{"rendered":"\u201cMasha y el Oso en vivo 2\u201d \/ 23 de febrero, 19 hs \/ Centro Cultural Cotesma"},"content":{"rendered":"\n<figure class=\"wp-block-image size-large\"><img loading=\"lazy\" decoding=\"async\" width=\"750\" height=\"526\" src=\"http:\/\/cultura.sma.gob.ar\/wp-content\/uploads\/2022\/02\/Masha-y-el-Oso-Flyer-Final.jpg\" alt=\"\" class=\"wp-image-2972\" srcset=\"https:\/\/cultura.sma.gob.ar\/wp-content\/uploads\/2022\/02\/Masha-y-el-Oso-Flyer-Final.jpg 750w, https:\/\/cultura.sma.gob.ar\/wp-content\/uploads\/2022\/02\/Masha-y-el-Oso-Flyer-Final-300x210.jpg 300w, https:\/\/cultura.sma.gob.ar\/wp-content\/uploads\/2022\/02\/Masha-y-el-Oso-Flyer-Final-128x90.jpg 128w\" sizes=\"auto, (max-width: 750px) 100vw, 750px\" \/><\/figure>\n\n\n\n<p>El pr\u00f3ximo mi\u00e9rcoles 23 de febrero, la Sala Amankay se vuelve a llenar con la risa y emoci\u00f3n de los m\u00e1s chicos con dos imperdibles propuestas de teatro infantil. A las 19hs, \u201cMASHA Y EL OSO EN VIVO 2\u201d .<\/p>\n\n\n\n<p><strong><u><br>\u201cMASHA Y EL OSO EN VIVO 2\u201d<\/u><\/strong><br>Un musical muy entretenido, con canciones, coreograf\u00edas, mucho color, una gran y vistosa escenograf\u00eda y mucha interacci\u00f3n con el p\u00fablico. Un espect\u00e1culo multimedia hecho a tu medida\u2026 para los m\u00e1s chiquitos, los medianos y los s\u00faper grandotes. Te vas a divertir sin parar.<br>Este brillante espect\u00e1culo para toda la familia contiene caracter\u00edsticas educativas e interactivas, que consigue la sonrisa en cada ni\u00f1o y el entretenimiento asegurado.<br>\u00bfQu\u00e9 pasar\u00e1 cuando MASHA llegue a la casa del OSO?<br>No te lo pod\u00e9s perder.<br><br>Entrada General $1.300.- En venta en la boleteria del Centro Cultural. Las entradas se abonan desde un a\u00f1o cumplido.<\/p>\n","protected":false},"excerpt":{"rendered":"<p>El pr\u00f3ximo mi\u00e9rcoles 23 de febrero, la Sala Amankay se vuelve a llenar con la risa y emoci\u00f3n de los m\u00e1s chicos con dos imperdibles propuestas de teatro infantil. A las 19hs, \u201cMASHA Y EL OSO EN VIVO 2\u201d . \u201cMASHA Y EL OSO EN VIVO 2\u201dUn musical muy entretenido, con canciones, coreograf\u00edas, mucho color, una gran y vistosa escenograf\u00eda y mucha interacci\u00f3n con el &hellip; <a href=\"https:\/\/cultura.sma.gob.ar\/?p=2971\" class=\"more-link\">Continue reading <span class=\"screen-reader-text\">\u201cMasha y el Oso en vivo 2\u201d \/ 23 de febrero, 19 hs \/ Centro Cultural Cotesma<\/span><\/a><\/p>\n","protected":false},"author":1,"featured_media":297,"comment_status":"closed","ping_status":"","sticky":false,"template":"","format":"image","meta":{"footnotes":""},"categories":[2],"tags":[],"class_list":["post-2971","post","type-post","status-publish","format-image","has-post-thumbnail","hentry","category-ciudad-cultural","post_format-post-format-image"],"_links":{"self":[{"href":"https:\/\/cultura.sma.gob.ar\/index.php?rest_route=\/wp\/v2\/posts\/2971","targetHints":{"allow":["GET"]}}],"collection":[{"href":"https:\/\/cultura.sma.gob.ar\/index.php?rest_route=\/wp\/v2\/posts"}],"about":[{"href":"https:\/\/cultura.sma.gob.ar\/index.php?rest_route=\/wp\/v2\/types\/post"}],"author":[{"embeddable":true,"href":"https:\/\/cultura.sma.gob.ar\/index.php?rest_route=\/wp\/v2\/users\/1"}],"replies":[{"embeddable":true,"href":"https:\/\/cultura.sma.gob.ar\/index.php?rest_route=%2Fwp%2Fv2%2Fcomments&post=2971"}],"version-history":[{"count":1,"href":"https:\/\/cultura.sma.gob.ar\/index.php?rest_route=\/wp\/v2\/posts\/2971\/revisions"}],"predecessor-version":[{"id":2973,"href":"https:\/\/cultura.sma.gob.ar\/index.php?rest_route=\/wp\/v2\/posts\/2971\/revisions\/2973"}],"wp:featuredmedia":[{"embeddable":true,"href":"https:\/\/cultura.sma.gob.ar\/index.php?rest_route=\/wp\/v2\/media\/297"}],"wp:attachment":[{"href":"https:\/\/cultura.sma.gob.ar\/index.php?rest_route=%2Fwp%2Fv2%2Fmedia&parent=2971"}],"wp:term":[{"taxonomy":"category","embeddable":true,"href":"https:\/\/cultura.sma.gob.ar\/index.php?rest_route=%2Fwp%2Fv2%2Fcategories&post=2971"},{"taxonomy":"post_tag","embeddable":true,"href":"https:\/\/cultura.sma.gob.ar\/index.php?rest_route=%2Fwp%2Fv2%2Ftags&post=2971"}],"curies":[{"name":"wp","href":"https:\/\/api.w.org\/{rel}","templated":true}]}}