{"id":2968,"date":"2022-02-01T20:43:08","date_gmt":"2022-02-01T23:43:08","guid":{"rendered":"http:\/\/cultura.sma.gob.ar\/?p=2968"},"modified":"2022-02-01T20:43:08","modified_gmt":"2022-02-01T23:43:08","slug":"por-el-gusto-de-cantar-4-de-febrero-2130-hs-centro-cultural-cotesma","status":"publish","type":"post","link":"https:\/\/cultura.sma.gob.ar\/?p=2968","title":{"rendered":"&#8221;Por el gusto de cantar&#8221; \/ 4 de febrero, 21:30 hs \/ Centro Cultural Cotesma"},"content":{"rendered":"\n<figure class=\"wp-block-image size-large\"><img loading=\"lazy\" decoding=\"async\" width=\"720\" height=\"992\" src=\"http:\/\/cultura.sma.gob.ar\/wp-content\/uploads\/2022\/02\/Por-el-Gusto-de-Cantar-Flyer-1.jpg\" alt=\"\" class=\"wp-image-2969\" srcset=\"https:\/\/cultura.sma.gob.ar\/wp-content\/uploads\/2022\/02\/Por-el-Gusto-de-Cantar-Flyer-1.jpg 720w, https:\/\/cultura.sma.gob.ar\/wp-content\/uploads\/2022\/02\/Por-el-Gusto-de-Cantar-Flyer-1-218x300.jpg 218w, https:\/\/cultura.sma.gob.ar\/wp-content\/uploads\/2022\/02\/Por-el-Gusto-de-Cantar-Flyer-1-65x90.jpg 65w\" sizes=\"auto, (max-width: 720px) 100vw, 720px\" \/><\/figure>\n\n\n\n<p>El pr\u00f3ximo viernes, 4 de febrero, Aniversario de nuestra querida San Mart\u00edn de los Andes, tendremos el enorme placer de disfrutar otra gran jornada musical, a la altura de la celebraci\u00f3n.<\/p>\n\n\n\n<p>A las 21:30 hs en nuestra querida Sala Amankay compartiremos \u201cPOR EL GUSTO DE CANTAR\u201d. Una jornada musical que, como su nombre lo indica, es un encuentro para festejar el placer por el canto, el goce que genera en quien lo realiza, pero tambi\u00e9n en quien lo escucha.<\/p>\n\n\n\n<p>Estar\u00e1n en escena:<br>&#8211; Grupo Vocal Caleuche<br>&#8211; Grupo Vocal del Roc\u00edo<br>&#8211; Marcelo Pi\u00f1eiro<br>&#8211; Edgardo Lanfr\u00e9<br>&#8211; Daniel S\u00e1nchez<\/p>\n\n\n\n<p>Y, como no pod\u00eda ser de otra manera, alg\u00fan invitado sorpresa.<\/p>\n\n\n\n<p>Las entradas ya est\u00e1n a la venta en la boleteria del Centro Cultural.<br>Valor: $1.000.-<\/p>\n","protected":false},"excerpt":{"rendered":"<p>El pr\u00f3ximo viernes, 4 de febrero, Aniversario de nuestra querida San Mart\u00edn de los Andes, tendremos el enorme placer de disfrutar otra gran jornada musical, a la altura de la celebraci\u00f3n. A las 21:30 hs en nuestra querida Sala Amankay compartiremos \u201cPOR EL GUSTO DE CANTAR\u201d. Una jornada musical que, como su nombre lo indica, es un encuentro para festejar el placer por el canto, &hellip; <a href=\"https:\/\/cultura.sma.gob.ar\/?p=2968\" class=\"more-link\">Continue reading <span class=\"screen-reader-text\">&#8221;Por el gusto de cantar&#8221; \/ 4 de febrero, 21:30 hs \/ Centro Cultural Cotesma<\/span><\/a><\/p>\n","protected":false},"author":1,"featured_media":297,"comment_status":"closed","ping_status":"","sticky":false,"template":"","format":"image","meta":{"footnotes":""},"categories":[2],"tags":[],"class_list":["post-2968","post","type-post","status-publish","format-image","has-post-thumbnail","hentry","category-ciudad-cultural","post_format-post-format-image"],"_links":{"self":[{"href":"https:\/\/cultura.sma.gob.ar\/index.php?rest_route=\/wp\/v2\/posts\/2968","targetHints":{"allow":["GET"]}}],"collection":[{"href":"https:\/\/cultura.sma.gob.ar\/index.php?rest_route=\/wp\/v2\/posts"}],"about":[{"href":"https:\/\/cultura.sma.gob.ar\/index.php?rest_route=\/wp\/v2\/types\/post"}],"author":[{"embeddable":true,"href":"https:\/\/cultura.sma.gob.ar\/index.php?rest_route=\/wp\/v2\/users\/1"}],"replies":[{"embeddable":true,"href":"https:\/\/cultura.sma.gob.ar\/index.php?rest_route=%2Fwp%2Fv2%2Fcomments&post=2968"}],"version-history":[{"count":1,"href":"https:\/\/cultura.sma.gob.ar\/index.php?rest_route=\/wp\/v2\/posts\/2968\/revisions"}],"predecessor-version":[{"id":2970,"href":"https:\/\/cultura.sma.gob.ar\/index.php?rest_route=\/wp\/v2\/posts\/2968\/revisions\/2970"}],"wp:featuredmedia":[{"embeddable":true,"href":"https:\/\/cultura.sma.gob.ar\/index.php?rest_route=\/wp\/v2\/media\/297"}],"wp:attachment":[{"href":"https:\/\/cultura.sma.gob.ar\/index.php?rest_route=%2Fwp%2Fv2%2Fmedia&parent=2968"}],"wp:term":[{"taxonomy":"category","embeddable":true,"href":"https:\/\/cultura.sma.gob.ar\/index.php?rest_route=%2Fwp%2Fv2%2Fcategories&post=2968"},{"taxonomy":"post_tag","embeddable":true,"href":"https:\/\/cultura.sma.gob.ar\/index.php?rest_route=%2Fwp%2Fv2%2Ftags&post=2968"}],"curies":[{"name":"wp","href":"https:\/\/api.w.org\/{rel}","templated":true}]}}