{"id":2965,"date":"2022-02-01T20:34:06","date_gmt":"2022-02-01T23:34:06","guid":{"rendered":"http:\/\/cultura.sma.gob.ar\/?p=2965"},"modified":"2022-02-01T20:34:06","modified_gmt":"2022-02-01T23:34:06","slug":"fonografia-de-montana","status":"publish","type":"post","link":"https:\/\/cultura.sma.gob.ar\/?p=2965","title":{"rendered":"&#8221;Fonograf\u00eda de Monta\u00f1a&#8221;"},"content":{"rendered":"\n<figure class=\"wp-block-image size-large\"><img loading=\"lazy\" decoding=\"async\" width=\"1024\" height=\"1024\" src=\"http:\/\/cultura.sma.gob.ar\/wp-content\/uploads\/2022\/02\/san-jose-11-feb-01-1024x1024.png\" alt=\"\" class=\"wp-image-2966\" srcset=\"https:\/\/cultura.sma.gob.ar\/wp-content\/uploads\/2022\/02\/san-jose-11-feb-01-1024x1024.png 1024w, https:\/\/cultura.sma.gob.ar\/wp-content\/uploads\/2022\/02\/san-jose-11-feb-01-300x300.png 300w, https:\/\/cultura.sma.gob.ar\/wp-content\/uploads\/2022\/02\/san-jose-11-feb-01-150x150.png 150w, https:\/\/cultura.sma.gob.ar\/wp-content\/uploads\/2022\/02\/san-jose-11-feb-01-768x768.png 768w, https:\/\/cultura.sma.gob.ar\/wp-content\/uploads\/2022\/02\/san-jose-11-feb-01-90x90.png 90w, https:\/\/cultura.sma.gob.ar\/wp-content\/uploads\/2022\/02\/san-jose-11-feb-01.png 1500w\" sizes=\"auto, (max-width: 1024px) 100vw, 1024px\" \/><\/figure>\n\n\n\n<p>&#8221;Fonograf\u00eda de monta\u00f1a&#8221; se presenta en Teatro San Jos\u00e9, el viernes 11 de febrero a las 21 hs.<\/p>\n\n\n\n<p>&#8211; Valor entrada: $400 (Disponibles a partir en la boleter\u00eda del teatro de 8:30 a 14, y 17 a 21 hs.Recordamos la importancia de estar en puerta 10 minutos antes de la funci\u00f3n, por medidas protocolares.<br><br> Pedro Liberalia y Bioma vuelven a presentar \u201cFonograf\u00eda de Monta\u00f1a\u201d, un concierto donde se fusionan sus universos sonoros.<\/p>\n\n\n\n<p>Para esta ocasi\u00f3n, las canciones que llenar\u00e1n la sala del Teatro San Jos\u00e9 estar\u00e1n revestidas por Mat\u00edas de Ezcurra en cello, Seba Dratch en clarinete, Nico Demar en guitarra el\u00e9ctrica y las narraciones de Nadia Quant.<\/p>\n\n\n\n<p>Una noche para encontrarnos y compartir m\u00fasica original que surge de un h\u00e1bitat, un clima, un paisaje que se mueve entre timbres y colores.<\/p>\n","protected":false},"excerpt":{"rendered":"<p>&#8221;Fonograf\u00eda de monta\u00f1a&#8221; se presenta en Teatro San Jos\u00e9, el viernes 11 de febrero a las 21 hs. &#8211; Valor entrada: $400 (Disponibles a partir en la boleter\u00eda del teatro de 8:30 a 14, y 17 a 21 hs.Recordamos la importancia de estar en puerta 10 minutos antes de la funci\u00f3n, por medidas protocolares. Pedro Liberalia y Bioma vuelven a presentar \u201cFonograf\u00eda de Monta\u00f1a\u201d, un &hellip; <a href=\"https:\/\/cultura.sma.gob.ar\/?p=2965\" class=\"more-link\">Continue reading <span class=\"screen-reader-text\">&#8221;Fonograf\u00eda de Monta\u00f1a&#8221;<\/span><\/a><\/p>\n","protected":false},"author":1,"featured_media":292,"comment_status":"closed","ping_status":"","sticky":false,"template":"","format":"image","meta":{"footnotes":""},"categories":[8],"tags":[],"class_list":["post-2965","post","type-post","status-publish","format-image","has-post-thumbnail","hentry","category-teatro-san-jose","post_format-post-format-image"],"_links":{"self":[{"href":"https:\/\/cultura.sma.gob.ar\/index.php?rest_route=\/wp\/v2\/posts\/2965","targetHints":{"allow":["GET"]}}],"collection":[{"href":"https:\/\/cultura.sma.gob.ar\/index.php?rest_route=\/wp\/v2\/posts"}],"about":[{"href":"https:\/\/cultura.sma.gob.ar\/index.php?rest_route=\/wp\/v2\/types\/post"}],"author":[{"embeddable":true,"href":"https:\/\/cultura.sma.gob.ar\/index.php?rest_route=\/wp\/v2\/users\/1"}],"replies":[{"embeddable":true,"href":"https:\/\/cultura.sma.gob.ar\/index.php?rest_route=%2Fwp%2Fv2%2Fcomments&post=2965"}],"version-history":[{"count":1,"href":"https:\/\/cultura.sma.gob.ar\/index.php?rest_route=\/wp\/v2\/posts\/2965\/revisions"}],"predecessor-version":[{"id":2967,"href":"https:\/\/cultura.sma.gob.ar\/index.php?rest_route=\/wp\/v2\/posts\/2965\/revisions\/2967"}],"wp:featuredmedia":[{"embeddable":true,"href":"https:\/\/cultura.sma.gob.ar\/index.php?rest_route=\/wp\/v2\/media\/292"}],"wp:attachment":[{"href":"https:\/\/cultura.sma.gob.ar\/index.php?rest_route=%2Fwp%2Fv2%2Fmedia&parent=2965"}],"wp:term":[{"taxonomy":"category","embeddable":true,"href":"https:\/\/cultura.sma.gob.ar\/index.php?rest_route=%2Fwp%2Fv2%2Fcategories&post=2965"},{"taxonomy":"post_tag","embeddable":true,"href":"https:\/\/cultura.sma.gob.ar\/index.php?rest_route=%2Fwp%2Fv2%2Ftags&post=2965"}],"curies":[{"name":"wp","href":"https:\/\/api.w.org\/{rel}","templated":true}]}}