{"id":2962,"date":"2022-01-30T20:36:59","date_gmt":"2022-01-30T23:36:59","guid":{"rendered":"http:\/\/cultura.sma.gob.ar\/?p=2962"},"modified":"2022-01-30T20:36:59","modified_gmt":"2022-01-30T23:36:59","slug":"concierto-clap-24-de-febrero-21-hs-centro-cultural-cotesma","status":"publish","type":"post","link":"https:\/\/cultura.sma.gob.ar\/?p=2962","title":{"rendered":"&#8221;Concierto Clap&#8221; \/ 24 de febrero,  21 hs \/ Centro Cultural Cotesma"},"content":{"rendered":"\n<figure class=\"wp-block-image size-large\"><img loading=\"lazy\" decoding=\"async\" width=\"1024\" height=\"1024\" src=\"http:\/\/cultura.sma.gob.ar\/wp-content\/uploads\/2022\/01\/Flyer-Final-CONCIERTO-CLAP-Circo-Teatro-24-02-1024x1024.png\" alt=\"\" class=\"wp-image-2963\" srcset=\"https:\/\/cultura.sma.gob.ar\/wp-content\/uploads\/2022\/01\/Flyer-Final-CONCIERTO-CLAP-Circo-Teatro-24-02-1024x1024.png 1024w, https:\/\/cultura.sma.gob.ar\/wp-content\/uploads\/2022\/01\/Flyer-Final-CONCIERTO-CLAP-Circo-Teatro-24-02-300x300.png 300w, https:\/\/cultura.sma.gob.ar\/wp-content\/uploads\/2022\/01\/Flyer-Final-CONCIERTO-CLAP-Circo-Teatro-24-02-150x150.png 150w, https:\/\/cultura.sma.gob.ar\/wp-content\/uploads\/2022\/01\/Flyer-Final-CONCIERTO-CLAP-Circo-Teatro-24-02-768x768.png 768w, https:\/\/cultura.sma.gob.ar\/wp-content\/uploads\/2022\/01\/Flyer-Final-CONCIERTO-CLAP-Circo-Teatro-24-02-90x90.png 90w, https:\/\/cultura.sma.gob.ar\/wp-content\/uploads\/2022\/01\/Flyer-Final-CONCIERTO-CLAP-Circo-Teatro-24-02.png 1080w\" sizes=\"auto, (max-width: 1024px) 100vw, 1024px\" \/><\/figure>\n\n\n\n<p>Un concierto de c\u00e1mara fuera de lo com\u00fan. Un escenario libre de ornamentos, donde no hay m\u00e1s instrumentos que los propios cuerpos. El director inicia la ceremonia dando la bienvenida a la audiencia, sin embargo poco dura su cometido. Sus dos compa\u00f1eros se encargar\u00e1n de echar todo a perder entre golpes y ca\u00eddas, desencuentros y melodramas, melod\u00edas y saltos mortales. As\u00ed avanza la velada, en este universo donde el delirio y la precisi\u00f3n se encuentran, arroj\u00e1ndolo todo a un caos irreparable.<\/p>\n\n\n\n<p>Breve descripci\u00f3n de la obra<br>&#8220;Concierto Clap&#8221; es un espect\u00e1culo de circo-teatro, que combina la percusion corporal y las destrezas acrob\u00e1ticas a trav\u00e9s de la comedia. Una obra que prescinde de la palabra, potencia la expresividad de los cuerpos y logra as\u00ed un producto de entendimiento universal y de car\u00e1cter popular.<\/p>\n\n\n\n<p>Sobre la Compa\u00f1\u00eda<br>La compa\u00f1\u00eda \u201cOpera Clap\u201d nace en el a\u00f1o 2017 en la ciudad de Rosario, Santa Fe. Sus tres integrantes son artistas provenientes de distintas ramas de las artes esc\u00e9nicas, cada uno trae consigo distintos conocimientos en tanto a la m\u00fasica, la actuaci\u00f3n, el clown, la danza y la acrobacia.<br>Desde sus inicios se presentan en diversas salas y espacios culturales de la ciudad de Rosario y alrededores obtienendo muy buena respuesta de parte del p\u00fablico, generando la risa y el asombro en ni\u00f1os, jovenes y adultos con sus creaciones.<br>A finales del 2018 la compa\u00f1\u00eda recibe el apoyo del subsidio municipal \u201cCosecha Esc\u00e9nica\u201d mediante el cual realiza la producci\u00f3n de su espect\u00e1culo \u201cConcierto Clap\u201d, estrenado en el mes de mayo del 2019. De esta manera el grupo ha participado en festivales, eventos y convenciones culturales en Argentina, Uruguay y Paraguay, consolid\u00e1ndose como compa\u00f1\u00eda autogestiva de circo-teatro.<\/p>\n\n\n\n<p>FICHA T\u00c9CNICA<br>Direcci\u00f3n: Opera Clap<br>Duraci\u00f3n: 55 minutos<br>Todo p\u00fablico<br>Act\u00faan: Manuel Carey, Mariano Gomez Grandis, Javier Casali<br>Asistencia de direcci\u00f3n: Raul Bruschini<br>Producci\u00f3n: Opera Clap<br>T\u00e9cnica en sonido e iluminaci\u00f3n: Francisco Bergamaschi<br>Dise\u00f1o Gr\u00e1fico: Lima, la imagen de los artistas<br>Vestuario: Liza Tanoni<br>M\u00fasica original: Gabriel Botti<\/p>\n\n\n\n<p>Entrada General $800.- En venta en la boleter\u00eda del Centro Cultural.<\/p>\n","protected":false},"excerpt":{"rendered":"<p>Un concierto de c\u00e1mara fuera de lo com\u00fan. Un escenario libre de ornamentos, donde no hay m\u00e1s instrumentos que los propios cuerpos. El director inicia la ceremonia dando la bienvenida a la audiencia, sin embargo poco dura su cometido. Sus dos compa\u00f1eros se encargar\u00e1n de echar todo a perder entre golpes y ca\u00eddas, desencuentros y melodramas, melod\u00edas y saltos mortales. As\u00ed avanza la velada, en &hellip; <a href=\"https:\/\/cultura.sma.gob.ar\/?p=2962\" class=\"more-link\">Continue reading <span class=\"screen-reader-text\">&#8221;Concierto Clap&#8221; \/ 24 de febrero,  21 hs \/ Centro Cultural Cotesma<\/span><\/a><\/p>\n","protected":false},"author":1,"featured_media":297,"comment_status":"closed","ping_status":"","sticky":false,"template":"","format":"image","meta":{"footnotes":""},"categories":[2],"tags":[],"class_list":["post-2962","post","type-post","status-publish","format-image","has-post-thumbnail","hentry","category-ciudad-cultural","post_format-post-format-image"],"_links":{"self":[{"href":"https:\/\/cultura.sma.gob.ar\/index.php?rest_route=\/wp\/v2\/posts\/2962","targetHints":{"allow":["GET"]}}],"collection":[{"href":"https:\/\/cultura.sma.gob.ar\/index.php?rest_route=\/wp\/v2\/posts"}],"about":[{"href":"https:\/\/cultura.sma.gob.ar\/index.php?rest_route=\/wp\/v2\/types\/post"}],"author":[{"embeddable":true,"href":"https:\/\/cultura.sma.gob.ar\/index.php?rest_route=\/wp\/v2\/users\/1"}],"replies":[{"embeddable":true,"href":"https:\/\/cultura.sma.gob.ar\/index.php?rest_route=%2Fwp%2Fv2%2Fcomments&post=2962"}],"version-history":[{"count":1,"href":"https:\/\/cultura.sma.gob.ar\/index.php?rest_route=\/wp\/v2\/posts\/2962\/revisions"}],"predecessor-version":[{"id":2964,"href":"https:\/\/cultura.sma.gob.ar\/index.php?rest_route=\/wp\/v2\/posts\/2962\/revisions\/2964"}],"wp:featuredmedia":[{"embeddable":true,"href":"https:\/\/cultura.sma.gob.ar\/index.php?rest_route=\/wp\/v2\/media\/297"}],"wp:attachment":[{"href":"https:\/\/cultura.sma.gob.ar\/index.php?rest_route=%2Fwp%2Fv2%2Fmedia&parent=2962"}],"wp:term":[{"taxonomy":"category","embeddable":true,"href":"https:\/\/cultura.sma.gob.ar\/index.php?rest_route=%2Fwp%2Fv2%2Fcategories&post=2962"},{"taxonomy":"post_tag","embeddable":true,"href":"https:\/\/cultura.sma.gob.ar\/index.php?rest_route=%2Fwp%2Fv2%2Ftags&post=2962"}],"curies":[{"name":"wp","href":"https:\/\/api.w.org\/{rel}","templated":true}]}}