{"id":2959,"date":"2022-01-30T20:35:38","date_gmt":"2022-01-30T23:35:38","guid":{"rendered":"http:\/\/cultura.sma.gob.ar\/?p=2959"},"modified":"2022-01-30T20:38:02","modified_gmt":"2022-01-30T23:38:02","slug":"ruth-y-la-arana-9-de-febrero-a-las-21-hs-centro-cultural-cotesma","status":"publish","type":"post","link":"https:\/\/cultura.sma.gob.ar\/?p=2959","title":{"rendered":"\u201cRuth y la Ara\u00f1a\u201d \/ 9 de febrero a las 21 hs \/ Centro Cultural Cotesma"},"content":{"rendered":"\n<figure class=\"wp-block-image size-large\"><img loading=\"lazy\" decoding=\"async\" width=\"1024\" height=\"1022\" src=\"http:\/\/cultura.sma.gob.ar\/wp-content\/uploads\/2022\/01\/Flyer-Ruth-y-la-Arana-1024x1022.jpg\" alt=\"\" class=\"wp-image-2960\" srcset=\"https:\/\/cultura.sma.gob.ar\/wp-content\/uploads\/2022\/01\/Flyer-Ruth-y-la-Arana-1024x1022.jpg 1024w, https:\/\/cultura.sma.gob.ar\/wp-content\/uploads\/2022\/01\/Flyer-Ruth-y-la-Arana-300x300.jpg 300w, https:\/\/cultura.sma.gob.ar\/wp-content\/uploads\/2022\/01\/Flyer-Ruth-y-la-Arana-150x150.jpg 150w, https:\/\/cultura.sma.gob.ar\/wp-content\/uploads\/2022\/01\/Flyer-Ruth-y-la-Arana-768x767.jpg 768w, https:\/\/cultura.sma.gob.ar\/wp-content\/uploads\/2022\/01\/Flyer-Ruth-y-la-Arana-90x90.jpg 90w, https:\/\/cultura.sma.gob.ar\/wp-content\/uploads\/2022\/01\/Flyer-Ruth-y-la-Arana.jpg 1082w\" sizes=\"auto, (max-width: 1024px) 100vw, 1024px\" \/><\/figure>\n\n\n\n<p>En el marco de su Gira Sur Verano 2022, que pasar\u00e1 tambi\u00e9n por Puerto Madryn, Gaiman, El Bols\u00f3n y Neuqu\u00e9n, desembarcan en nuestra sala esta imperdible \u00f3pera donde el teatro, el canto, la danza y el circo confluyen para narrar po\u00e9ticamente la historia de una mujer y su sangre.<br><br>Sinopsis<br>\u201cRuth y la Ara\u00f1a\u201d es una \u00f3pera donde el teatro, el canto, la danza y el circo confluyen para narrar po\u00e9ticamente la historia de una mujer y su sangre.<br>Ruth es la reina y cantante l\u00edrica, entra a escena para deslumbrar con su voz a la audiencia, pero algo sucede y ya no podra continuar.\u00bfQu\u00e9 acontece cuando desde adentro somos tomadxs por fuerzas tan antiguas que no podemos gobernar?<br>Comienza alli un viaje por su torrente sangu\u00edneo donde sus ancestrxs la confrontar\u00e1n con su voz m\u00e1s primal. A trav\u00e9s de diversos cantos tejer\u00e1 como una Ara\u00f1a historias de vida sin tiempo.<br><br>La vida n\u00f3made, los juegos en el ropero de la casa de la abuela, melod\u00edas en escalas menores, rituales en lo alto de la monta\u00f1a,&nbsp; un barco en el aire, el exilio, La Ara\u00f1a.<\/p>\n\n\n\n<p>Ficha t\u00e9cnica<br>Creadora y artista en escena: Julia Lamas<br>Direcci\u00f3n: Severo Callaci<br>T\u00e9cnica y construcci\u00f3n de escenograf\u00eda: Javier M\u00fcller<br>M\u00fasica original: Tom\u00e1s Bozzano y Julia Lamas<br>Asistencia gral: Estefan\u00eda Caminotti, Luc\u00eda Quiroga<br>Fotograf\u00eda: Alejandro Lamas<br>Dise\u00f1o de identidad visual: Nicol\u00e1s Tom\u00e9<br>Vestuario y decoraci\u00f3n Ara\u00f1a: Cristian Ayala<br>Acompa\u00f1amiento te\u00f3rico y filos\u00f3fico: Maria Bel\u00e9n Campero<\/p>\n\n\n\n<p>Entrada General $600.- En veta en la boleter\u00eda del Centro Cultural.<\/p>\n","protected":false},"excerpt":{"rendered":"<p>En el marco de su Gira Sur Verano 2022, que pasar\u00e1 tambi\u00e9n por Puerto Madryn, Gaiman, El Bols\u00f3n y Neuqu\u00e9n, desembarcan en nuestra sala esta imperdible \u00f3pera donde el teatro, el canto, la danza y el circo confluyen para narrar po\u00e9ticamente la historia de una mujer y su sangre. Sinopsis\u201cRuth y la Ara\u00f1a\u201d es una \u00f3pera donde el teatro, el canto, la danza y el &hellip; <a href=\"https:\/\/cultura.sma.gob.ar\/?p=2959\" class=\"more-link\">Continue reading <span class=\"screen-reader-text\">\u201cRuth y la Ara\u00f1a\u201d \/ 9 de febrero a las 21 hs \/ Centro Cultural Cotesma<\/span><\/a><\/p>\n","protected":false},"author":1,"featured_media":297,"comment_status":"closed","ping_status":"closed","sticky":false,"template":"","format":"image","meta":{"footnotes":""},"categories":[2,1],"tags":[],"class_list":["post-2959","post","type-post","status-publish","format-image","has-post-thumbnail","hentry","category-ciudad-cultural","category-sin-categoria","post_format-post-format-image"],"_links":{"self":[{"href":"https:\/\/cultura.sma.gob.ar\/index.php?rest_route=\/wp\/v2\/posts\/2959","targetHints":{"allow":["GET"]}}],"collection":[{"href":"https:\/\/cultura.sma.gob.ar\/index.php?rest_route=\/wp\/v2\/posts"}],"about":[{"href":"https:\/\/cultura.sma.gob.ar\/index.php?rest_route=\/wp\/v2\/types\/post"}],"author":[{"embeddable":true,"href":"https:\/\/cultura.sma.gob.ar\/index.php?rest_route=\/wp\/v2\/users\/1"}],"replies":[{"embeddable":true,"href":"https:\/\/cultura.sma.gob.ar\/index.php?rest_route=%2Fwp%2Fv2%2Fcomments&post=2959"}],"version-history":[{"count":1,"href":"https:\/\/cultura.sma.gob.ar\/index.php?rest_route=\/wp\/v2\/posts\/2959\/revisions"}],"predecessor-version":[{"id":2961,"href":"https:\/\/cultura.sma.gob.ar\/index.php?rest_route=\/wp\/v2\/posts\/2959\/revisions\/2961"}],"wp:featuredmedia":[{"embeddable":true,"href":"https:\/\/cultura.sma.gob.ar\/index.php?rest_route=\/wp\/v2\/media\/297"}],"wp:attachment":[{"href":"https:\/\/cultura.sma.gob.ar\/index.php?rest_route=%2Fwp%2Fv2%2Fmedia&parent=2959"}],"wp:term":[{"taxonomy":"category","embeddable":true,"href":"https:\/\/cultura.sma.gob.ar\/index.php?rest_route=%2Fwp%2Fv2%2Fcategories&post=2959"},{"taxonomy":"post_tag","embeddable":true,"href":"https:\/\/cultura.sma.gob.ar\/index.php?rest_route=%2Fwp%2Fv2%2Ftags&post=2959"}],"curies":[{"name":"wp","href":"https:\/\/api.w.org\/{rel}","templated":true}]}}