{"id":2951,"date":"2022-01-30T20:08:33","date_gmt":"2022-01-30T23:08:33","guid":{"rendered":"http:\/\/cultura.sma.gob.ar\/?p=2951"},"modified":"2022-01-30T20:08:33","modified_gmt":"2022-01-30T23:08:33","slug":"taller-de-experimentacion-y-desobediencias-audiovisuales","status":"publish","type":"post","link":"https:\/\/cultura.sma.gob.ar\/?p=2951","title":{"rendered":"Taller de &#8221;Experimentaci\u00f3n y desobediencias audiovisuales&#8221;"},"content":{"rendered":"\n<figure class=\"wp-block-image size-large\"><img loading=\"lazy\" decoding=\"async\" width=\"500\" height=\"706\" src=\"http:\/\/cultura.sma.gob.ar\/wp-content\/uploads\/2022\/01\/flyer-t.jpg\" alt=\"\" class=\"wp-image-2952\" srcset=\"https:\/\/cultura.sma.gob.ar\/wp-content\/uploads\/2022\/01\/flyer-t.jpg 500w, https:\/\/cultura.sma.gob.ar\/wp-content\/uploads\/2022\/01\/flyer-t-212x300.jpg 212w, https:\/\/cultura.sma.gob.ar\/wp-content\/uploads\/2022\/01\/flyer-t-64x90.jpg 64w\" sizes=\"auto, (max-width: 500px) 100vw, 500px\" \/><\/figure>\n\n\n\n<p>Desde el jueves 10 de febrero, todos los jueves de 17 a 21 hs,  llega este taller gratuito para j\u00f3venes de 13 a 18 a\u00f1os, coordinado por Mal\u00e9n Ota\u00f1o y Agust\u00edn Montangie.<\/p>\n\n\n\n<p>El programa propone un espacio de exploraci\u00f3n audiovisual a trav\u00e9s de la experimentaci\u00f3n y complicidad colectiva , buscando herramientas de montaje, sonido y edici\u00f3n de manera intuitiva y sensible, alej\u00e1ndonos de los procedimientos establecidos, y zamarreando las estructuras.<\/p>\n\n\n\n<p>Una actividad cuenta con el apoyo de Fondo Nacional de las Artes, para su desarrollo.<\/p>\n\n\n\n<p>Para inscribirse, ingresar al siguiente link:<\/p>\n\n\n\n<p>&nbsp;<a rel=\"noreferrer noopener\" href=\"https:\/\/docs.google.com\/forms\/d\/1YmYifHyhAmptGTxoYQwOXFLaWFYzV3ObjNuFyLIubtk\/edit\" target=\"_blank\">https:\/\/docs.google.com\/forms\/d\/1YmYifHyhAmptGTxoYQwOXFLaWFYzV3ObjNuFyLIubtk\/edit<\/a><\/p>\n","protected":false},"excerpt":{"rendered":"<p>Desde el jueves 10 de febrero, todos los jueves de 17 a 21 hs, llega este taller gratuito para j\u00f3venes de 13 a 18 a\u00f1os, coordinado por Mal\u00e9n Ota\u00f1o y Agust\u00edn Montangie. El programa propone un espacio de exploraci\u00f3n audiovisual a trav\u00e9s de la experimentaci\u00f3n y complicidad colectiva , buscando herramientas de montaje, sonido y edici\u00f3n de manera intuitiva y sensible, alej\u00e1ndonos de los procedimientos &hellip; <a href=\"https:\/\/cultura.sma.gob.ar\/?p=2951\" class=\"more-link\">Continue reading <span class=\"screen-reader-text\">Taller de &#8221;Experimentaci\u00f3n y desobediencias audiovisuales&#8221;<\/span><\/a><\/p>\n","protected":false},"author":1,"featured_media":295,"comment_status":"closed","ping_status":"","sticky":false,"template":"","format":"image","meta":{"footnotes":""},"categories":[1],"tags":[],"class_list":["post-2951","post","type-post","status-publish","format-image","has-post-thumbnail","hentry","category-sin-categoria","post_format-post-format-image"],"_links":{"self":[{"href":"https:\/\/cultura.sma.gob.ar\/index.php?rest_route=\/wp\/v2\/posts\/2951","targetHints":{"allow":["GET"]}}],"collection":[{"href":"https:\/\/cultura.sma.gob.ar\/index.php?rest_route=\/wp\/v2\/posts"}],"about":[{"href":"https:\/\/cultura.sma.gob.ar\/index.php?rest_route=\/wp\/v2\/types\/post"}],"author":[{"embeddable":true,"href":"https:\/\/cultura.sma.gob.ar\/index.php?rest_route=\/wp\/v2\/users\/1"}],"replies":[{"embeddable":true,"href":"https:\/\/cultura.sma.gob.ar\/index.php?rest_route=%2Fwp%2Fv2%2Fcomments&post=2951"}],"version-history":[{"count":1,"href":"https:\/\/cultura.sma.gob.ar\/index.php?rest_route=\/wp\/v2\/posts\/2951\/revisions"}],"predecessor-version":[{"id":2953,"href":"https:\/\/cultura.sma.gob.ar\/index.php?rest_route=\/wp\/v2\/posts\/2951\/revisions\/2953"}],"wp:featuredmedia":[{"embeddable":true,"href":"https:\/\/cultura.sma.gob.ar\/index.php?rest_route=\/wp\/v2\/media\/295"}],"wp:attachment":[{"href":"https:\/\/cultura.sma.gob.ar\/index.php?rest_route=%2Fwp%2Fv2%2Fmedia&parent=2951"}],"wp:term":[{"taxonomy":"category","embeddable":true,"href":"https:\/\/cultura.sma.gob.ar\/index.php?rest_route=%2Fwp%2Fv2%2Fcategories&post=2951"},{"taxonomy":"post_tag","embeddable":true,"href":"https:\/\/cultura.sma.gob.ar\/index.php?rest_route=%2Fwp%2Fv2%2Ftags&post=2951"}],"curies":[{"name":"wp","href":"https:\/\/api.w.org\/{rel}","templated":true}]}}