{"id":2945,"date":"2022-01-24T15:24:25","date_gmt":"2022-01-24T18:24:25","guid":{"rendered":"http:\/\/cultura.sma.gob.ar\/?p=2945"},"modified":"2022-01-24T15:24:25","modified_gmt":"2022-01-24T18:24:25","slug":"se-viene-musica-activa-en-barrio-las-rosas-y-en-la-plaza-san-martin","status":"publish","type":"post","link":"https:\/\/cultura.sma.gob.ar\/?p=2945","title":{"rendered":"Se viene &#8221;M\u00fasica Activa&#8221; en barrio Las Rosas y en la Plaza San Mart\u00edn"},"content":{"rendered":"\n<figure class=\"wp-block-image size-large\"><img loading=\"lazy\" decoding=\"async\" width=\"1024\" height=\"1024\" src=\"http:\/\/cultura.sma.gob.ar\/wp-content\/uploads\/2022\/01\/musica-activa-01-1024x1024.jpg\" alt=\"\" class=\"wp-image-2946\" srcset=\"https:\/\/cultura.sma.gob.ar\/wp-content\/uploads\/2022\/01\/musica-activa-01-1024x1024.jpg 1024w, https:\/\/cultura.sma.gob.ar\/wp-content\/uploads\/2022\/01\/musica-activa-01-300x300.jpg 300w, https:\/\/cultura.sma.gob.ar\/wp-content\/uploads\/2022\/01\/musica-activa-01-150x150.jpg 150w, https:\/\/cultura.sma.gob.ar\/wp-content\/uploads\/2022\/01\/musica-activa-01-768x768.jpg 768w, https:\/\/cultura.sma.gob.ar\/wp-content\/uploads\/2022\/01\/musica-activa-01-1536x1536.jpg 1536w, https:\/\/cultura.sma.gob.ar\/wp-content\/uploads\/2022\/01\/musica-activa-01-90x90.jpg 90w, https:\/\/cultura.sma.gob.ar\/wp-content\/uploads\/2022\/01\/musica-activa-01.jpg 1875w\" sizes=\"auto, (max-width: 1024px) 100vw, 1024px\" \/><\/figure>\n\n\n\n<p>La Secretar\u00eda de Cultura y la Delegaci\u00f3n Municipal de Vega Centro invitan a la comunidad a presenciar dos nuevas ediciones de M\u00fasica Activa, las que se llevar\u00e1n a cabo el viernes 28 y el domingo 30 de enero.<\/p>\n\n\n\n<p>M\u00fasica Activa es un programa de la Legislatura del Neuqu\u00e9n, realizado a trav\u00e9s del Complejo Casa de las Leyes, en el que ya participaron m\u00e1s de 200 artistas de distintos puntos de nuestra provincia.El programa tiene como eje generar presentaciones en vivo de bandas y solistas, las que adem\u00e1s de contar con p\u00fablico presencial son grabadas en alta calidad, generando productos audiovisuales destinados a la promoci\u00f3n de la m\u00fasica neuquina.<\/p>\n\n\n\n<p>Las pr\u00f3ximas ediciones de M\u00fasica Activa en San Mart\u00edn de los Andes ser\u00e1n este viernes 28 de enero en la plaza Eva Per\u00f3n del Barrio Las Rosas, y el domingo 30, en la plaza San Mart\u00edn. Ambas funciones se realizar\u00e1n a partir de las 19 hs.<\/p>\n\n\n\n<p>En el barrio Las Rosas se presentar\u00e1n Proyecto Ranchero, La Covid y Mi Tierra (grupo integrado por Florindo Blanco y Numa Varela, al cual se sumar\u00e1n las participaciones de Antonella Mu\u00f1oz y Mar\u00eda \u00c1balos).<\/p>\n\n\n\n<p>En la plaza San Mart\u00edn se realizar\u00e1 una edici\u00f3n especial de M\u00fasica Activa: \u201cMujeres y disidencias\u201d, con la presencia de Cantautoras en Vuelo, Mar\u00eda Laura Ollesch, Roda das Pibas, Paola Ilabaca y Entrelazadas.<\/p>\n","protected":false},"excerpt":{"rendered":"<p>La Secretar\u00eda de Cultura y la Delegaci\u00f3n Municipal de Vega Centro invitan a la comunidad a presenciar dos nuevas ediciones de M\u00fasica Activa, las que se llevar\u00e1n a cabo el viernes 28 y el domingo 30 de enero. M\u00fasica Activa es un programa de la Legislatura del Neuqu\u00e9n, realizado a trav\u00e9s del Complejo Casa de las Leyes, en el que ya participaron m\u00e1s de 200 &hellip; <a href=\"https:\/\/cultura.sma.gob.ar\/?p=2945\" class=\"more-link\">Continue reading <span class=\"screen-reader-text\">Se viene &#8221;M\u00fasica Activa&#8221; en barrio Las Rosas y en la Plaza San Mart\u00edn<\/span><\/a><\/p>\n","protected":false},"author":1,"featured_media":296,"comment_status":"closed","ping_status":"","sticky":false,"template":"","format":"image","meta":{"footnotes":""},"categories":[3],"tags":[],"class_list":["post-2945","post","type-post","status-publish","format-image","has-post-thumbnail","hentry","category-eventos-cultura","post_format-post-format-image"],"_links":{"self":[{"href":"https:\/\/cultura.sma.gob.ar\/index.php?rest_route=\/wp\/v2\/posts\/2945","targetHints":{"allow":["GET"]}}],"collection":[{"href":"https:\/\/cultura.sma.gob.ar\/index.php?rest_route=\/wp\/v2\/posts"}],"about":[{"href":"https:\/\/cultura.sma.gob.ar\/index.php?rest_route=\/wp\/v2\/types\/post"}],"author":[{"embeddable":true,"href":"https:\/\/cultura.sma.gob.ar\/index.php?rest_route=\/wp\/v2\/users\/1"}],"replies":[{"embeddable":true,"href":"https:\/\/cultura.sma.gob.ar\/index.php?rest_route=%2Fwp%2Fv2%2Fcomments&post=2945"}],"version-history":[{"count":1,"href":"https:\/\/cultura.sma.gob.ar\/index.php?rest_route=\/wp\/v2\/posts\/2945\/revisions"}],"predecessor-version":[{"id":2947,"href":"https:\/\/cultura.sma.gob.ar\/index.php?rest_route=\/wp\/v2\/posts\/2945\/revisions\/2947"}],"wp:featuredmedia":[{"embeddable":true,"href":"https:\/\/cultura.sma.gob.ar\/index.php?rest_route=\/wp\/v2\/media\/296"}],"wp:attachment":[{"href":"https:\/\/cultura.sma.gob.ar\/index.php?rest_route=%2Fwp%2Fv2%2Fmedia&parent=2945"}],"wp:term":[{"taxonomy":"category","embeddable":true,"href":"https:\/\/cultura.sma.gob.ar\/index.php?rest_route=%2Fwp%2Fv2%2Fcategories&post=2945"},{"taxonomy":"post_tag","embeddable":true,"href":"https:\/\/cultura.sma.gob.ar\/index.php?rest_route=%2Fwp%2Fv2%2Ftags&post=2945"}],"curies":[{"name":"wp","href":"https:\/\/api.w.org\/{rel}","templated":true}]}}