{"id":2941,"date":"2022-01-23T19:56:55","date_gmt":"2022-01-23T22:56:55","guid":{"rendered":"http:\/\/cultura.sma.gob.ar\/?p=2941"},"modified":"2022-01-23T19:56:55","modified_gmt":"2022-01-23T22:56:55","slug":"cimarrones-en-el-espacio","status":"publish","type":"post","link":"https:\/\/cultura.sma.gob.ar\/?p=2941","title":{"rendered":"&#8221;Cimarrones en el espacio&#8221;"},"content":{"rendered":"\n<figure class=\"wp-block-image size-large\"><img loading=\"lazy\" decoding=\"async\" width=\"723\" height=\"1024\" src=\"http:\/\/cultura.sma.gob.ar\/wp-content\/uploads\/2022\/01\/cimarrones-en-el-espacio-723x1024.jpeg\" alt=\"\" class=\"wp-image-2942\" srcset=\"https:\/\/cultura.sma.gob.ar\/wp-content\/uploads\/2022\/01\/cimarrones-en-el-espacio-723x1024.jpeg 723w, https:\/\/cultura.sma.gob.ar\/wp-content\/uploads\/2022\/01\/cimarrones-en-el-espacio-212x300.jpeg 212w, https:\/\/cultura.sma.gob.ar\/wp-content\/uploads\/2022\/01\/cimarrones-en-el-espacio-768x1087.jpeg 768w, https:\/\/cultura.sma.gob.ar\/wp-content\/uploads\/2022\/01\/cimarrones-en-el-espacio-64x90.jpeg 64w, https:\/\/cultura.sma.gob.ar\/wp-content\/uploads\/2022\/01\/cimarrones-en-el-espacio.jpeg 904w\" sizes=\"auto, (max-width: 723px) 100vw, 723px\" \/><\/figure>\n\n\n\n<p>Candombe fusi\u00f3n\/ mezclado con sonidos e instrumentos ancestrales y mundos electr\u00f3nicos.<br>S\u00e1bado 29 de enero <br>Teatro San Jos\u00e9,  21 hs  (Se recomienda estar en puerta 10 minutos antes por protocolo)<br>Valor entrada: $400<br>Entradas a la venta disponibles en la boleter\u00eda del Teatro San Jos\u00e9  de 8:30 a 14, y de 17 a 22 hs.<\/p>\n\n\n\n<p>La m\u00fasica que propone &#8221;Cimarrones en el Espacio&#8221; combina la fuerza y el empuje de los tambores de candombe, con un estilo moderno que fusiona el jazz con otros g\u00e9neros populares. <\/p>\n\n\n\n<p>Integra la experiencia de vivir en la Cordillera de los Andes, incorporando timbres, fraseos y r\u00edtmicas de la m\u00fasica andina.<\/p>\n\n\n\n<p>Todas las canciones son composiciones propias, de igual modo lo son las poes\u00edas que a ellas adornan, aportando la fuerza de la palabra a la experiencia. <\/p>\n","protected":false},"excerpt":{"rendered":"<p>Candombe fusi\u00f3n\/ mezclado con sonidos e instrumentos ancestrales y mundos electr\u00f3nicos.S\u00e1bado 29 de enero Teatro San Jos\u00e9, 21 hs (Se recomienda estar en puerta 10 minutos antes por protocolo)Valor entrada: $400Entradas a la venta disponibles en la boleter\u00eda del Teatro San Jos\u00e9 de 8:30 a 14, y de 17 a 22 hs. La m\u00fasica que propone &#8221;Cimarrones en el Espacio&#8221; combina la fuerza y el &hellip; <a href=\"https:\/\/cultura.sma.gob.ar\/?p=2941\" class=\"more-link\">Continue reading <span class=\"screen-reader-text\">&#8221;Cimarrones en el espacio&#8221;<\/span><\/a><\/p>\n","protected":false},"author":1,"featured_media":292,"comment_status":"closed","ping_status":"","sticky":false,"template":"","format":"image","meta":{"footnotes":""},"categories":[8],"tags":[],"class_list":["post-2941","post","type-post","status-publish","format-image","has-post-thumbnail","hentry","category-teatro-san-jose","post_format-post-format-image"],"_links":{"self":[{"href":"https:\/\/cultura.sma.gob.ar\/index.php?rest_route=\/wp\/v2\/posts\/2941","targetHints":{"allow":["GET"]}}],"collection":[{"href":"https:\/\/cultura.sma.gob.ar\/index.php?rest_route=\/wp\/v2\/posts"}],"about":[{"href":"https:\/\/cultura.sma.gob.ar\/index.php?rest_route=\/wp\/v2\/types\/post"}],"author":[{"embeddable":true,"href":"https:\/\/cultura.sma.gob.ar\/index.php?rest_route=\/wp\/v2\/users\/1"}],"replies":[{"embeddable":true,"href":"https:\/\/cultura.sma.gob.ar\/index.php?rest_route=%2Fwp%2Fv2%2Fcomments&post=2941"}],"version-history":[{"count":1,"href":"https:\/\/cultura.sma.gob.ar\/index.php?rest_route=\/wp\/v2\/posts\/2941\/revisions"}],"predecessor-version":[{"id":2943,"href":"https:\/\/cultura.sma.gob.ar\/index.php?rest_route=\/wp\/v2\/posts\/2941\/revisions\/2943"}],"wp:featuredmedia":[{"embeddable":true,"href":"https:\/\/cultura.sma.gob.ar\/index.php?rest_route=\/wp\/v2\/media\/292"}],"wp:attachment":[{"href":"https:\/\/cultura.sma.gob.ar\/index.php?rest_route=%2Fwp%2Fv2%2Fmedia&parent=2941"}],"wp:term":[{"taxonomy":"category","embeddable":true,"href":"https:\/\/cultura.sma.gob.ar\/index.php?rest_route=%2Fwp%2Fv2%2Fcategories&post=2941"},{"taxonomy":"post_tag","embeddable":true,"href":"https:\/\/cultura.sma.gob.ar\/index.php?rest_route=%2Fwp%2Fv2%2Ftags&post=2941"}],"curies":[{"name":"wp","href":"https:\/\/api.w.org\/{rel}","templated":true}]}}