{"id":2935,"date":"2022-01-20T16:03:56","date_gmt":"2022-01-20T19:03:56","guid":{"rendered":"http:\/\/cultura.sma.gob.ar\/?p=2935"},"modified":"2022-01-20T16:03:56","modified_gmt":"2022-01-20T19:03:56","slug":"sisa-quinteto-21-de-enero-a-las-22-hs-centro-cultural-cotesma","status":"publish","type":"post","link":"https:\/\/cultura.sma.gob.ar\/?p=2935","title":{"rendered":"&#8221;SISA Quinteto&#8221; \/ 21 de enero a las 22 hs \/ Centro Cultural Cotesma"},"content":{"rendered":"\n<figure class=\"wp-block-image size-large\"><img loading=\"lazy\" decoding=\"async\" width=\"1024\" height=\"1024\" src=\"http:\/\/cultura.sma.gob.ar\/wp-content\/uploads\/2022\/01\/flyer-gira-1024x1024.jpg\" alt=\"\" class=\"wp-image-2936\" srcset=\"https:\/\/cultura.sma.gob.ar\/wp-content\/uploads\/2022\/01\/flyer-gira-1024x1024.jpg 1024w, https:\/\/cultura.sma.gob.ar\/wp-content\/uploads\/2022\/01\/flyer-gira-300x300.jpg 300w, https:\/\/cultura.sma.gob.ar\/wp-content\/uploads\/2022\/01\/flyer-gira-150x150.jpg 150w, https:\/\/cultura.sma.gob.ar\/wp-content\/uploads\/2022\/01\/flyer-gira-768x768.jpg 768w, https:\/\/cultura.sma.gob.ar\/wp-content\/uploads\/2022\/01\/flyer-gira-90x90.jpg 90w, https:\/\/cultura.sma.gob.ar\/wp-content\/uploads\/2022\/01\/flyer-gira.jpg 1080w\" sizes=\"auto, (max-width: 1024px) 100vw, 1024px\" \/><\/figure>\n\n\n\n<p>Este viernes, 21 de enero a las 22 hs en nuestra querida Sala Amankay, seguimos armando otro imperdible verano cultural.<br>En el marco de su Gira Patag\u00f3nica, se presenta en nuestra sala SISA Quinteto con su espect\u00e1culo \u201c<strong>CRECIENTE<\/strong>\u201d.<\/p>\n\n\n\n<p>Imperdible noche de composiciones&nbsp;propias con influencias del nordeste brasilero, de Per\u00fa -con sus ritmos afroperuanos y criollos-, aires&nbsp;andinos y chacareras. El resultado del nuevo repertorio es una s\u00edntesis de los aportes de cada una de las integrantes, con una fuerte&nbsp;impronta de trabajo&nbsp;colectivo tanto en la composici\u00f3n como en los arreglos.<br><br><strong><em>SISA QUINTETO<\/em><\/strong>, a trav\u00e9s de&nbsp;su obra se propone continuar divulgando el folclore de Nuestra Am\u00e9rica, aport\u00e1ndole un sonido actual y propio. Desarrollan temas instrumentales y cantados, pasando por momentos de improvisaci\u00f3n, de arreglos vocales y de percusi\u00f3n, donde las integrantes intervienen no solo con sus instrumentos principales sino tambi\u00e9n con voces, accesorios y recitados.<br>Se invita a los espectadores a disfrutar de diferentes climas a trav\u00e9s del baile y la escucha. La&nbsp;variedad de instrumentos, fusiones y estilos es una caracter\u00edstica del Sisa&nbsp;Quinteto.<\/p>\n\n\n\n<p><br>Duraci\u00f3n del Concierto: 1 hora<\/p>\n\n\n\n<p><br><strong>SISA QUINTETO<\/strong>&nbsp;<br>Florencia Cagnone: Bajo<br>Florencia Knoblovits:Guitarra<br>Florencia Marino: Viol\u00edn<br>Marcela Achy: Percusi\u00f3n<br>Mariana Hern\u00e1ndez: Voz<\/p>\n\n\n\n<p>Management: Cecilia Maneiro<br><br>REDES:<br>Facebook e Instagram: @sisa.quinteto<br>YouTube: SISA Quinteto<\/p>\n\n\n\n<p>Entradas en venta en la boleter\u00eca del Centro Cultural Cotesma (Gral. Roca N\u00b01154).<br>Valor: $500.-<\/p>\n","protected":false},"excerpt":{"rendered":"<p>Este viernes, 21 de enero a las 22 hs en nuestra querida Sala Amankay, seguimos armando otro imperdible verano cultural.En el marco de su Gira Patag\u00f3nica, se presenta en nuestra sala SISA Quinteto con su espect\u00e1culo \u201cCRECIENTE\u201d. Imperdible noche de composiciones&nbsp;propias con influencias del nordeste brasilero, de Per\u00fa -con sus ritmos afroperuanos y criollos-, aires&nbsp;andinos y chacareras. El resultado del nuevo repertorio es una s\u00edntesis &hellip; <a href=\"https:\/\/cultura.sma.gob.ar\/?p=2935\" class=\"more-link\">Continue reading <span class=\"screen-reader-text\">&#8221;SISA Quinteto&#8221; \/ 21 de enero a las 22 hs \/ Centro Cultural Cotesma<\/span><\/a><\/p>\n","protected":false},"author":1,"featured_media":297,"comment_status":"closed","ping_status":"","sticky":false,"template":"","format":"image","meta":{"footnotes":""},"categories":[2],"tags":[],"class_list":["post-2935","post","type-post","status-publish","format-image","has-post-thumbnail","hentry","category-ciudad-cultural","post_format-post-format-image"],"_links":{"self":[{"href":"https:\/\/cultura.sma.gob.ar\/index.php?rest_route=\/wp\/v2\/posts\/2935","targetHints":{"allow":["GET"]}}],"collection":[{"href":"https:\/\/cultura.sma.gob.ar\/index.php?rest_route=\/wp\/v2\/posts"}],"about":[{"href":"https:\/\/cultura.sma.gob.ar\/index.php?rest_route=\/wp\/v2\/types\/post"}],"author":[{"embeddable":true,"href":"https:\/\/cultura.sma.gob.ar\/index.php?rest_route=\/wp\/v2\/users\/1"}],"replies":[{"embeddable":true,"href":"https:\/\/cultura.sma.gob.ar\/index.php?rest_route=%2Fwp%2Fv2%2Fcomments&post=2935"}],"version-history":[{"count":1,"href":"https:\/\/cultura.sma.gob.ar\/index.php?rest_route=\/wp\/v2\/posts\/2935\/revisions"}],"predecessor-version":[{"id":2937,"href":"https:\/\/cultura.sma.gob.ar\/index.php?rest_route=\/wp\/v2\/posts\/2935\/revisions\/2937"}],"wp:featuredmedia":[{"embeddable":true,"href":"https:\/\/cultura.sma.gob.ar\/index.php?rest_route=\/wp\/v2\/media\/297"}],"wp:attachment":[{"href":"https:\/\/cultura.sma.gob.ar\/index.php?rest_route=%2Fwp%2Fv2%2Fmedia&parent=2935"}],"wp:term":[{"taxonomy":"category","embeddable":true,"href":"https:\/\/cultura.sma.gob.ar\/index.php?rest_route=%2Fwp%2Fv2%2Fcategories&post=2935"},{"taxonomy":"post_tag","embeddable":true,"href":"https:\/\/cultura.sma.gob.ar\/index.php?rest_route=%2Fwp%2Fv2%2Ftags&post=2935"}],"curies":[{"name":"wp","href":"https:\/\/api.w.org\/{rel}","templated":true}]}}