{"id":2926,"date":"2022-01-20T15:40:37","date_gmt":"2022-01-20T18:40:37","guid":{"rendered":"http:\/\/cultura.sma.gob.ar\/?p=2926"},"modified":"2022-05-10T10:12:38","modified_gmt":"2022-05-10T13:12:38","slug":"convocatoria-mujeres-sanmartinenses","status":"publish","type":"post","link":"https:\/\/cultura.sma.gob.ar\/?p=2926","title":{"rendered":"Convocatoria \u201cMujeres Sanmartinenses\u201d (FINALIZADA)"},"content":{"rendered":"\n<figure class=\"wp-block-image size-large\"><img loading=\"lazy\" decoding=\"async\" width=\"851\" height=\"851\" src=\"http:\/\/cultura.sma.gob.ar\/wp-content\/uploads\/2022\/01\/posteo.jpg\" alt=\"\" class=\"wp-image-2927\" srcset=\"https:\/\/cultura.sma.gob.ar\/wp-content\/uploads\/2022\/01\/posteo.jpg 851w, https:\/\/cultura.sma.gob.ar\/wp-content\/uploads\/2022\/01\/posteo-300x300.jpg 300w, https:\/\/cultura.sma.gob.ar\/wp-content\/uploads\/2022\/01\/posteo-150x150.jpg 150w, https:\/\/cultura.sma.gob.ar\/wp-content\/uploads\/2022\/01\/posteo-768x768.jpg 768w, https:\/\/cultura.sma.gob.ar\/wp-content\/uploads\/2022\/01\/posteo-90x90.jpg 90w\" sizes=\"auto, (max-width: 851px) 100vw, 851px\" \/><\/figure>\n\n\n\n<p>La&nbsp;Secretar\u00eda de Cultura de San Mart\u00edn de los Andes abre la recepci\u00f3n de propuestas de nombres de mujeres que hayan dejado una impronta personal en el pueblo, por haber contribuido a acrecentar o afianzar los valores, tradiciones, costumbres o cualquier otro componente de la identidad sanmartinense, entendiendo como mujer a cualquier persona autopercibida como tal, de acuerdo a lo que establece la Ley nacional N\u00ba 26743.<\/p>\n\n\n\n<p>De las propuestas recibidas se seleccionar\u00e1n tres, para ser homenajeadas en el espacio \u201cMujeres Sanmartinenses\u201d, que quedar\u00e1 inaugurado este a\u00f1o en el espacio verde de la terminal de \u00f3mnibus. El homenaje consistir\u00e1 en la colocaci\u00f3n de placas en un soporte acondicionado para este fin.<\/p>\n\n\n\n<p>Por tratarse de un reconocimiento asociado a la identidad y entendiendo que esta \u00faltima es una construcci\u00f3n social, abierta y&nbsp; participativa, se invita a instituciones p\u00fablicas y privadas, organizaciones comunitarias y otros colectivos, a postular a las mujeres que consideren merecer el reconocimiento.<\/p>\n\n\n\n<p>Las postulaciones deber\u00e1n enviarse por mail a cultura@smandes.gov.ar&nbsp; indicando en el asunto Convocatoria, Mujeres Sanmartinenses 2022.<\/p>\n\n\n\n<p>En este mail debe adjuntarse un \u00fanico archivo PDF, de hasta 5 MB, que contenga la siguiente informaci\u00f3n:<\/p>\n\n\n\n<p>1- Datos personales de la persona propuesta: nombre completo, fecha de<br>nacimiento, per\u00edodo en que residi\u00f3 en la localidad.<br>2- Rese\u00f1a hist\u00f3rica breve (m\u00e1ximo 1 carilla), que incluya su trayectoria, destacando<br>los motivos por los que merece el reconocimiento.<br>3- Im\u00e1genes.<\/p>\n\n\n\n<p>La fecha l\u00edmite para enviar postulaciones es el 20 de febrero. Las propuestas ser\u00e1n evaluadas y seleccionadas por un comit\u00e9 compuesto por un representante de la Subsecretar\u00eda de Educaci\u00f3n, un representante del Departamento de Patrimonio Hist\u00f3rico y Ciencias y otro de la Direcci\u00f3n de Derechos Humanos, Equidad de G\u00e9nero, Diversidad y Mediaci\u00f3n Comunitaria.<\/p>\n\n\n\n<p>A partir de ahora, cada a\u00f1o se realizar\u00e1 el mismo homenaje, repitiendo convocatorias como esta, seg\u00fan lo establece el Decreto Municipal N\u00ba 1393\/21.<\/p>\n\n\n\n<p>Para mayor informaci\u00f3n comunicarse con la Secretar\u00eda de Cultura de San Mart\u00edn de los Andes:&nbsp;cultura@smandes.gov.ar<\/p>\n","protected":false},"excerpt":{"rendered":"<p>La&nbsp;Secretar\u00eda de Cultura de San Mart\u00edn de los Andes abre la recepci\u00f3n de propuestas de nombres de mujeres que hayan dejado una impronta personal en el pueblo, por haber contribuido a acrecentar o afianzar los valores, tradiciones, costumbres o cualquier otro componente de la identidad sanmartinense, entendiendo como mujer a cualquier persona autopercibida como tal, de acuerdo a lo que establece la Ley nacional N\u00ba &hellip; <a href=\"https:\/\/cultura.sma.gob.ar\/?p=2926\" class=\"more-link\">Continue reading <span class=\"screen-reader-text\">Convocatoria \u201cMujeres Sanmartinenses\u201d (FINALIZADA)<\/span><\/a><\/p>\n","protected":false},"author":1,"featured_media":291,"comment_status":"closed","ping_status":"closed","sticky":false,"template":"","format":"image","meta":{"footnotes":""},"categories":[5,9],"tags":[],"class_list":["post-2926","post","type-post","status-publish","format-image","has-post-thumbnail","hentry","category-patrimonio-cultural","category-ultimas-noticias","post_format-post-format-image"],"_links":{"self":[{"href":"https:\/\/cultura.sma.gob.ar\/index.php?rest_route=\/wp\/v2\/posts\/2926","targetHints":{"allow":["GET"]}}],"collection":[{"href":"https:\/\/cultura.sma.gob.ar\/index.php?rest_route=\/wp\/v2\/posts"}],"about":[{"href":"https:\/\/cultura.sma.gob.ar\/index.php?rest_route=\/wp\/v2\/types\/post"}],"author":[{"embeddable":true,"href":"https:\/\/cultura.sma.gob.ar\/index.php?rest_route=\/wp\/v2\/users\/1"}],"replies":[{"embeddable":true,"href":"https:\/\/cultura.sma.gob.ar\/index.php?rest_route=%2Fwp%2Fv2%2Fcomments&post=2926"}],"version-history":[{"count":5,"href":"https:\/\/cultura.sma.gob.ar\/index.php?rest_route=\/wp\/v2\/posts\/2926\/revisions"}],"predecessor-version":[{"id":3269,"href":"https:\/\/cultura.sma.gob.ar\/index.php?rest_route=\/wp\/v2\/posts\/2926\/revisions\/3269"}],"wp:featuredmedia":[{"embeddable":true,"href":"https:\/\/cultura.sma.gob.ar\/index.php?rest_route=\/wp\/v2\/media\/291"}],"wp:attachment":[{"href":"https:\/\/cultura.sma.gob.ar\/index.php?rest_route=%2Fwp%2Fv2%2Fmedia&parent=2926"}],"wp:term":[{"taxonomy":"category","embeddable":true,"href":"https:\/\/cultura.sma.gob.ar\/index.php?rest_route=%2Fwp%2Fv2%2Fcategories&post=2926"},{"taxonomy":"post_tag","embeddable":true,"href":"https:\/\/cultura.sma.gob.ar\/index.php?rest_route=%2Fwp%2Fv2%2Ftags&post=2926"}],"curies":[{"name":"wp","href":"https:\/\/api.w.org\/{rel}","templated":true}]}}