{"id":2914,"date":"2022-01-14T18:49:56","date_gmt":"2022-01-14T21:49:56","guid":{"rendered":"http:\/\/cultura.sma.gob.ar\/?p=2914"},"modified":"2022-05-10T10:12:55","modified_gmt":"2022-05-10T13:12:55","slug":"convocatoria-para-cubrir-la-vacante-de-coordinador-a-de-la-orquesta-escuela-de-los-andes","status":"publish","type":"post","link":"https:\/\/cultura.sma.gob.ar\/?p=2914","title":{"rendered":"Convocatoria para cubrir la vacante de Coordinador\/a de la Orquesta Escuela de los Andes (FINALIZADA)"},"content":{"rendered":"\n<figure class=\"wp-block-image size-large\"><img loading=\"lazy\" decoding=\"async\" width=\"640\" height=\"640\" src=\"http:\/\/cultura.sma.gob.ar\/wp-content\/uploads\/2022\/01\/orquesta.png\" alt=\"\" class=\"wp-image-2915\" srcset=\"https:\/\/cultura.sma.gob.ar\/wp-content\/uploads\/2022\/01\/orquesta.png 640w, https:\/\/cultura.sma.gob.ar\/wp-content\/uploads\/2022\/01\/orquesta-300x300.png 300w, https:\/\/cultura.sma.gob.ar\/wp-content\/uploads\/2022\/01\/orquesta-150x150.png 150w, https:\/\/cultura.sma.gob.ar\/wp-content\/uploads\/2022\/01\/orquesta-90x90.png 90w\" sizes=\"auto, (max-width: 640px) 100vw, 640px\" \/><\/figure>\n\n\n\n<p><\/p>\n\n\n\n<p>La Secretar\u00eda de Cultura de la Municipalidad de San Martin de los Andes convoca a interesados\/as en cubrir el cargo de \u2018\u2019Coordinador\/a\u2019\u2019 de la Orquesta Escuela De Los Andes, con una carga horaria de 15 horas c\u00e1tedra por semana.<\/p>\n\n\n\n<p><strong>Caracter\u00edsticas del cargo:<\/strong><\/p>\n\n\n\n<p>La tarea de la coordinaci\u00f3n y asistencia en la Orquesta contempla el desarrollo de los v\u00ednculos hacia adentro y hacia afuera de la orquesta desde un perfil pr\u00e1ctico, de resoluci\u00f3n de problemas log\u00edsticos y de gesti\u00f3n cultural y social.<\/p>\n\n\n\n<p><strong>Esta tarea, por lo dicho, incluye:<\/strong><\/p>\n\n\n\n<p>\u00b7 Vincularse en forma directa con las y los beneficiarios del proyecto y sus familias a trav\u00e9s del seguimiento y acompa\u00f1amiento de las y los integrantes en una variedad de dimensiones educativas y sociales no estrictamente ligadas a la formaci\u00f3n musical, pero imprescindibles para atender a la integraci\u00f3n efectiva de las chicas y chicos (por ej. inscripciones, entrevistas con familias, relaci\u00f3n con la Asociaci\u00f3n de Familiares y Amigos de la Orquesta Escuela de los Andes, etc.)<\/p>\n\n\n\n<p>\u00b7 Sostener una estrecha relaci\u00f3n con el resto del equipo docente.<\/p>\n\n\n\n<p>\u00b7 Ser parte de la comisi\u00f3n de docentes de la Orquesta que coordinan con la Secretar\u00eda de Cultura de la Municipalidad, y llevar a cabo las tareas administrativas que de ah\u00ed se desprendan<\/p>\n\n\n\n<p>\u00b7 Trabajar en red con los distintos espacios sociales, educativos y estatales que se ocupan de la infancia y la adolescencia dentro de la comisi\u00f3n docente correspondiente.<\/p>\n\n\n\n<p>\u00b7 Tener a cargo las tareas de comunicaci\u00f3n social de la Orquesta en los distintos medios de comunicaci\u00f3n y redes sociales.<\/p>\n\n\n\n<p>\u00b7 Relacionar a la Orquesta con otras instituciones de la comunidad y con los programas provinciales y nacionales de Orquestas (M\u00fasica en Bandada, Programa Nacional Celia Torr\u00e1, Programa de Orquestas del Ministerio de Educaci\u00f3n de la Naci\u00f3n).<\/p>\n\n\n\n<p>\u00b7 Gestionar en lo administrativo la participaci\u00f3n de la Orquesta en eventos, pedidos de subsidio, viajes, encuentros, y todo tipo de acciones que enriquezcan al proyecto.<\/p>\n\n\n\n<p><strong>Requerimientos<\/strong><\/p>\n\n\n\n<p>Su trabajo requerir\u00e1 una estrecha relaci\u00f3n con la Secretar\u00eda de Cultura y el equipo docente, y una identificaci\u00f3n plena con los objetivos de la Orquesta. Asimismo, se ponderar\u00e1 la predisposici\u00f3n y capacidad para trabajar en equipo, dada la esencia colectiva del proyecto. Se valorar\u00e1 la experiencia en gesti\u00f3n cultural, trabajos sociales y de comunicaci\u00f3n, y el manejo de las herramientas tecnol\u00f3gicas que la tarea demande. Se considerar\u00e1n los t\u00edtulos docentes para la educaci\u00f3n primaria y\/o media por ser un proyecto educativo para esa franja etaria<\/p>\n\n\n\n<p><strong>Presentaci\u00f3n<\/strong><\/p>\n\n\n\n<p>La presentaci\u00f3n de curr\u00edculum vitae deber\u00e1 realizarse en la Secretar\u00eda de Cultura Municipal, desde el 15 al 30 de enero de 2022, con una nota indicando la postulaci\u00f3n al cargo de coordinador\/a de la Orquesta Escuela De Los Andes, y copias respectivas por correo electr\u00f3nico a: cultura@smandes.gov.ar<\/p>\n\n\n\n<p>Las personas preseleccionadas por curr\u00edculum que pasen a la instancia de la entrevista, deber\u00e1n presentar en ella un peque\u00f1o trabajo que se le comunicar\u00e1 oportunamente para ser elaborado en la semana previa al concurso.<\/p>\n","protected":false},"excerpt":{"rendered":"<p>La Secretar\u00eda de Cultura de la Municipalidad de San Martin de los Andes convoca a interesados\/as en cubrir el cargo de \u2018\u2019Coordinador\/a\u2019\u2019 de la Orquesta Escuela De Los Andes, con una carga horaria de 15 horas c\u00e1tedra por semana. Caracter\u00edsticas del cargo: La tarea de la coordinaci\u00f3n y asistencia en la Orquesta contempla el desarrollo de los v\u00ednculos hacia adentro y hacia afuera de la &hellip; <a href=\"https:\/\/cultura.sma.gob.ar\/?p=2914\" class=\"more-link\">Continue reading <span class=\"screen-reader-text\">Convocatoria para cubrir la vacante de Coordinador\/a de la Orquesta Escuela de los Andes (FINALIZADA)<\/span><\/a><\/p>\n","protected":false},"author":1,"featured_media":0,"comment_status":"closed","ping_status":"","sticky":false,"template":"","format":"image","meta":{"footnotes":""},"categories":[1,9],"tags":[],"class_list":["post-2914","post","type-post","status-publish","format-image","hentry","category-sin-categoria","category-ultimas-noticias","post_format-post-format-image"],"_links":{"self":[{"href":"https:\/\/cultura.sma.gob.ar\/index.php?rest_route=\/wp\/v2\/posts\/2914","targetHints":{"allow":["GET"]}}],"collection":[{"href":"https:\/\/cultura.sma.gob.ar\/index.php?rest_route=\/wp\/v2\/posts"}],"about":[{"href":"https:\/\/cultura.sma.gob.ar\/index.php?rest_route=\/wp\/v2\/types\/post"}],"author":[{"embeddable":true,"href":"https:\/\/cultura.sma.gob.ar\/index.php?rest_route=\/wp\/v2\/users\/1"}],"replies":[{"embeddable":true,"href":"https:\/\/cultura.sma.gob.ar\/index.php?rest_route=%2Fwp%2Fv2%2Fcomments&post=2914"}],"version-history":[{"count":2,"href":"https:\/\/cultura.sma.gob.ar\/index.php?rest_route=\/wp\/v2\/posts\/2914\/revisions"}],"predecessor-version":[{"id":3270,"href":"https:\/\/cultura.sma.gob.ar\/index.php?rest_route=\/wp\/v2\/posts\/2914\/revisions\/3270"}],"wp:attachment":[{"href":"https:\/\/cultura.sma.gob.ar\/index.php?rest_route=%2Fwp%2Fv2%2Fmedia&parent=2914"}],"wp:term":[{"taxonomy":"category","embeddable":true,"href":"https:\/\/cultura.sma.gob.ar\/index.php?rest_route=%2Fwp%2Fv2%2Fcategories&post=2914"},{"taxonomy":"post_tag","embeddable":true,"href":"https:\/\/cultura.sma.gob.ar\/index.php?rest_route=%2Fwp%2Fv2%2Ftags&post=2914"}],"curies":[{"name":"wp","href":"https:\/\/api.w.org\/{rel}","templated":true}]}}