{"id":2910,"date":"2022-01-14T13:14:24","date_gmt":"2022-01-14T16:14:24","guid":{"rendered":"http:\/\/cultura.sma.gob.ar\/?p=2910"},"modified":"2022-01-14T13:14:24","modified_gmt":"2022-01-14T16:14:24","slug":"variaciones-sobre-la-realidad-miercoles-19-de-enero-a-las-21-hs-centro-cultural-cotesma","status":"publish","type":"post","link":"https:\/\/cultura.sma.gob.ar\/?p=2910","title":{"rendered":"\u201cVARIACIONES SOBRE LA REALIDAD\u201d \/ Mi\u00e9rcoles 19 de enero a las 21 hs \/ Centro Cultural Cotesma"},"content":{"rendered":"\n<figure class=\"wp-block-image size-large\"><img loading=\"lazy\" decoding=\"async\" width=\"720\" height=\"540\" src=\"http:\/\/cultura.sma.gob.ar\/wp-content\/uploads\/2022\/01\/Variaciones-sobre-la-realidad-Flyer-jpeg.jpg\" alt=\"\" class=\"wp-image-2911\" srcset=\"https:\/\/cultura.sma.gob.ar\/wp-content\/uploads\/2022\/01\/Variaciones-sobre-la-realidad-Flyer-jpeg.jpg 720w, https:\/\/cultura.sma.gob.ar\/wp-content\/uploads\/2022\/01\/Variaciones-sobre-la-realidad-Flyer-jpeg-300x225.jpg 300w, https:\/\/cultura.sma.gob.ar\/wp-content\/uploads\/2022\/01\/Variaciones-sobre-la-realidad-Flyer-jpeg-120x90.jpg 120w\" sizes=\"auto, (max-width: 720px) 100vw, 720px\" \/><\/figure>\n\n\n\n<p>El pr\u00f3ximo mi\u00e9rcoles 19 de enero a las 21hs en nuestra querida Sala Amankay, seguimos disfrutando un gran verano cultural. Es el turno de \u201cVARIACIONES SOBRE LA REALIDAD\u201d, particular variet\u00e9 teatral.<\/p>\n\n\n\n<p>Como olita de brisa errante que en el medio de un lago fantas\u00e9a con las caricias de la costa, este espect\u00e1culo sue\u00f1a con plantar en sus espectadores la semilla de una inquietud que los arrime en el camino infinito de las posibles realidades.<\/p>\n\n\n\n<p>Mezclando el caos con la armon\u00eda, batiendo lo desopilante con lo sublime, representando sus&nbsp; historias en chiste pero en serio, las escenas de VARIACI\u00d3NES SOBRE LA REALIDAD son portadoras de una bandera sin insignia que puede flamear, siempre que exista el soplo errado de sus int\u00e9rpretes.<\/p>\n\n\n\n<p>Entradas anticipadas $400.- El mismo D\u00eda $500.-<\/p>\n","protected":false},"excerpt":{"rendered":"<p>El pr\u00f3ximo mi\u00e9rcoles 19 de enero a las 21hs en nuestra querida Sala Amankay, seguimos disfrutando un gran verano cultural. Es el turno de \u201cVARIACIONES SOBRE LA REALIDAD\u201d, particular variet\u00e9 teatral. Como olita de brisa errante que en el medio de un lago fantas\u00e9a con las caricias de la costa, este espect\u00e1culo sue\u00f1a con plantar en sus espectadores la semilla de una inquietud que los &hellip; <a href=\"https:\/\/cultura.sma.gob.ar\/?p=2910\" class=\"more-link\">Continue reading <span class=\"screen-reader-text\">\u201cVARIACIONES SOBRE LA REALIDAD\u201d \/ Mi\u00e9rcoles 19 de enero a las 21 hs \/ Centro Cultural Cotesma<\/span><\/a><\/p>\n","protected":false},"author":1,"featured_media":297,"comment_status":"closed","ping_status":"","sticky":false,"template":"","format":"image","meta":{"footnotes":""},"categories":[2],"tags":[],"class_list":["post-2910","post","type-post","status-publish","format-image","has-post-thumbnail","hentry","category-ciudad-cultural","post_format-post-format-image"],"_links":{"self":[{"href":"https:\/\/cultura.sma.gob.ar\/index.php?rest_route=\/wp\/v2\/posts\/2910","targetHints":{"allow":["GET"]}}],"collection":[{"href":"https:\/\/cultura.sma.gob.ar\/index.php?rest_route=\/wp\/v2\/posts"}],"about":[{"href":"https:\/\/cultura.sma.gob.ar\/index.php?rest_route=\/wp\/v2\/types\/post"}],"author":[{"embeddable":true,"href":"https:\/\/cultura.sma.gob.ar\/index.php?rest_route=\/wp\/v2\/users\/1"}],"replies":[{"embeddable":true,"href":"https:\/\/cultura.sma.gob.ar\/index.php?rest_route=%2Fwp%2Fv2%2Fcomments&post=2910"}],"version-history":[{"count":1,"href":"https:\/\/cultura.sma.gob.ar\/index.php?rest_route=\/wp\/v2\/posts\/2910\/revisions"}],"predecessor-version":[{"id":2912,"href":"https:\/\/cultura.sma.gob.ar\/index.php?rest_route=\/wp\/v2\/posts\/2910\/revisions\/2912"}],"wp:featuredmedia":[{"embeddable":true,"href":"https:\/\/cultura.sma.gob.ar\/index.php?rest_route=\/wp\/v2\/media\/297"}],"wp:attachment":[{"href":"https:\/\/cultura.sma.gob.ar\/index.php?rest_route=%2Fwp%2Fv2%2Fmedia&parent=2910"}],"wp:term":[{"taxonomy":"category","embeddable":true,"href":"https:\/\/cultura.sma.gob.ar\/index.php?rest_route=%2Fwp%2Fv2%2Fcategories&post=2910"},{"taxonomy":"post_tag","embeddable":true,"href":"https:\/\/cultura.sma.gob.ar\/index.php?rest_route=%2Fwp%2Fv2%2Ftags&post=2910"}],"curies":[{"name":"wp","href":"https:\/\/api.w.org\/{rel}","templated":true}]}}