{"id":2907,"date":"2022-01-14T12:34:33","date_gmt":"2022-01-14T15:34:33","guid":{"rendered":"http:\/\/cultura.sma.gob.ar\/?p=2907"},"modified":"2022-01-14T12:34:33","modified_gmt":"2022-01-14T15:34:33","slug":"kabras-en-kiebra-18-y-25-enero-21-hs-centro-cultural-cotesma","status":"publish","type":"post","link":"https:\/\/cultura.sma.gob.ar\/?p=2907","title":{"rendered":"&#8221;Kabras en Kiebra&#8221; \/ 18 y 25 enero, 21 hs \/ Centro Cultural Cotesma"},"content":{"rendered":"\n<figure class=\"wp-block-image size-large\"><img loading=\"lazy\" decoding=\"async\" width=\"1009\" height=\"1009\" src=\"http:\/\/cultura.sma.gob.ar\/wp-content\/uploads\/2022\/01\/Kabras-en-Kiebra-Flyer.jpg\" alt=\"\" class=\"wp-image-2908\" srcset=\"https:\/\/cultura.sma.gob.ar\/wp-content\/uploads\/2022\/01\/Kabras-en-Kiebra-Flyer.jpg 1009w, https:\/\/cultura.sma.gob.ar\/wp-content\/uploads\/2022\/01\/Kabras-en-Kiebra-Flyer-300x300.jpg 300w, https:\/\/cultura.sma.gob.ar\/wp-content\/uploads\/2022\/01\/Kabras-en-Kiebra-Flyer-150x150.jpg 150w, https:\/\/cultura.sma.gob.ar\/wp-content\/uploads\/2022\/01\/Kabras-en-Kiebra-Flyer-768x768.jpg 768w, https:\/\/cultura.sma.gob.ar\/wp-content\/uploads\/2022\/01\/Kabras-en-Kiebra-Flyer-90x90.jpg 90w\" sizes=\"auto, (max-width: 1009px) 100vw, 1009px\" \/><\/figure>\n\n\n\n<p>Los martes 18 y 25 de enero a las 21hs, en nuestra querida Sala Amankay, seguimos sumando variedad y calidad a nuestro verano Cultural. Desde el Litoral, llega a la Patagonia el Grupo Kabras en Kiebra Arte en Moviemiento. Un Show de Circo para toda la Familia.<\/p>\n\n\n\n<p><strong><em>Kabras en Kiebra<\/em><\/strong>&nbsp;es una compa\u00f1\u00eda nacida en las ciudades de Rosario y Paran\u00e1. A ambos lados del r\u00edo Paran\u00e1 se gest\u00f3 el espect\u00e1culo que vienen a ofrecer. Acrobacias de piso, de d\u00fao, malabares de objetos no convencionales, tejidos por la danza, el humor y las experiencias som\u00e1ticas.<\/p>\n\n\n\n<p>\u201cEl invierno les puso a revisar en sus ba\u00fales, y entre tanta porquer\u00eda encontraron algunos tesoros. Los cachivaches vuelven a respirar cuando los malabares les sacuden el polvo y la danza les refresca el sentido. Al final las acrobacias terminar\u00e1n de enaltecer lo natural de los procesos, integrando la herencia y la cosecha, el riesgo y la destreza.\u201d<\/p>\n\n\n\n<p>M\u00e1s criolles que\u2019l mate, m\u00e1s o menos atletas, exc\u00e9ntriques y coquetes, te invitan a so\u00f1ar un mundo diferente, m\u00e1s cerca de la tierra y m\u00e1s adentro del ser humane. Un espect\u00e1culo de circo-teatro lleno de emociones, para el disfrute de grandes y chicos.&nbsp;<\/p>\n\n\n\n<p>Mariano Gomez Grandis: Acr\u00f3bata y artista de circo. Ex gimnasta y entrenador de gimnasia art\u00edstica, nacido en rosario en 1994 y criado en Ca\u00f1ada de Gomez. Viajero, Bailarin, Folklorista, en el 2017 ingresa a la Escuela Municipal de Artes urbanas de Rosario para egresar a finales del 2019 como &#8220;Int\u00e9rprete en las artes del Circo&#8221;, desde entonces se avoc\u00f3 con profundidad a las artes circenses, integrando diversas grupalidades como &#8220;Opera Clap&#8221;, &#8220;Amici Producciones esc\u00e9nicas&#8221;, &#8220;Cantarata Tropezona&#8221;, &#8220;Cia. Vahidos&#8221;, y &#8220;Vertiginosa Compa\u00f1\u00eda&#8221;, participando en diversas creaciones colectivas.<\/p>\n\n\n\n<p>Flavia Scoreanzi: Acr\u00f3bata y artista callejera. Ex gimnasta, oriunda de la ciudad de Paran\u00e1, nacida en 1994. Volante de acroduo, Flavia se especializa en equilibrios y destrezas de altura, los cuales ejecuta desde hace varios a\u00f1os en espacios urbanos, en espect\u00e1culos espont\u00e1neos. Tambi\u00e9n particip\u00f3 de formaciones no certificadas de Teatro y Clown.<\/p>\n\n\n\n<p>Entradas en venta en la boleter\u00eda del Centro Cultural Cotesma. Valor $400.<\/p>\n","protected":false},"excerpt":{"rendered":"<p>Los martes 18 y 25 de enero a las 21hs, en nuestra querida Sala Amankay, seguimos sumando variedad y calidad a nuestro verano Cultural. Desde el Litoral, llega a la Patagonia el Grupo Kabras en Kiebra Arte en Moviemiento. Un Show de Circo para toda la Familia. Kabras en Kiebra&nbsp;es una compa\u00f1\u00eda nacida en las ciudades de Rosario y Paran\u00e1. A ambos lados del r\u00edo &hellip; <a href=\"https:\/\/cultura.sma.gob.ar\/?p=2907\" class=\"more-link\">Continue reading <span class=\"screen-reader-text\">&#8221;Kabras en Kiebra&#8221; \/ 18 y 25 enero, 21 hs \/ Centro Cultural Cotesma<\/span><\/a><\/p>\n","protected":false},"author":1,"featured_media":297,"comment_status":"closed","ping_status":"","sticky":false,"template":"","format":"image","meta":{"footnotes":""},"categories":[2],"tags":[],"class_list":["post-2907","post","type-post","status-publish","format-image","has-post-thumbnail","hentry","category-ciudad-cultural","post_format-post-format-image"],"_links":{"self":[{"href":"https:\/\/cultura.sma.gob.ar\/index.php?rest_route=\/wp\/v2\/posts\/2907","targetHints":{"allow":["GET"]}}],"collection":[{"href":"https:\/\/cultura.sma.gob.ar\/index.php?rest_route=\/wp\/v2\/posts"}],"about":[{"href":"https:\/\/cultura.sma.gob.ar\/index.php?rest_route=\/wp\/v2\/types\/post"}],"author":[{"embeddable":true,"href":"https:\/\/cultura.sma.gob.ar\/index.php?rest_route=\/wp\/v2\/users\/1"}],"replies":[{"embeddable":true,"href":"https:\/\/cultura.sma.gob.ar\/index.php?rest_route=%2Fwp%2Fv2%2Fcomments&post=2907"}],"version-history":[{"count":1,"href":"https:\/\/cultura.sma.gob.ar\/index.php?rest_route=\/wp\/v2\/posts\/2907\/revisions"}],"predecessor-version":[{"id":2909,"href":"https:\/\/cultura.sma.gob.ar\/index.php?rest_route=\/wp\/v2\/posts\/2907\/revisions\/2909"}],"wp:featuredmedia":[{"embeddable":true,"href":"https:\/\/cultura.sma.gob.ar\/index.php?rest_route=\/wp\/v2\/media\/297"}],"wp:attachment":[{"href":"https:\/\/cultura.sma.gob.ar\/index.php?rest_route=%2Fwp%2Fv2%2Fmedia&parent=2907"}],"wp:term":[{"taxonomy":"category","embeddable":true,"href":"https:\/\/cultura.sma.gob.ar\/index.php?rest_route=%2Fwp%2Fv2%2Fcategories&post=2907"},{"taxonomy":"post_tag","embeddable":true,"href":"https:\/\/cultura.sma.gob.ar\/index.php?rest_route=%2Fwp%2Fv2%2Ftags&post=2907"}],"curies":[{"name":"wp","href":"https:\/\/api.w.org\/{rel}","templated":true}]}}