{"id":2901,"date":"2022-01-14T12:19:57","date_gmt":"2022-01-14T15:19:57","guid":{"rendered":"http:\/\/cultura.sma.gob.ar\/?p=2901"},"modified":"2022-01-14T12:19:57","modified_gmt":"2022-01-14T15:19:57","slug":"milonga-del-ano-20-miercoles-26-de-enero-22-hs-centro-cultural-cotesma","status":"publish","type":"post","link":"https:\/\/cultura.sma.gob.ar\/?p=2901","title":{"rendered":"\u201cMilonga del A\u00f1o 20\u201d \/ Mi\u00e9rcoles 26 de enero, 22 hs \/ Centro Cultural Cotesma"},"content":{"rendered":"\n<figure class=\"wp-block-image size-large\"><img loading=\"lazy\" decoding=\"async\" width=\"1024\" height=\"1024\" src=\"http:\/\/cultura.sma.gob.ar\/wp-content\/uploads\/2022\/01\/Flyer-1024x1024.jpg\" alt=\"\" class=\"wp-image-2902\" srcset=\"https:\/\/cultura.sma.gob.ar\/wp-content\/uploads\/2022\/01\/Flyer-1024x1024.jpg 1024w, https:\/\/cultura.sma.gob.ar\/wp-content\/uploads\/2022\/01\/Flyer-300x300.jpg 300w, https:\/\/cultura.sma.gob.ar\/wp-content\/uploads\/2022\/01\/Flyer-150x150.jpg 150w, https:\/\/cultura.sma.gob.ar\/wp-content\/uploads\/2022\/01\/Flyer-768x768.jpg 768w, https:\/\/cultura.sma.gob.ar\/wp-content\/uploads\/2022\/01\/Flyer-90x90.jpg 90w, https:\/\/cultura.sma.gob.ar\/wp-content\/uploads\/2022\/01\/Flyer.jpg 1080w\" sizes=\"auto, (max-width: 1024px) 100vw, 1024px\" \/><\/figure>\n\n\n\n<p><strong>\u201cMilonga del A\u00f1o 20\u201d<\/strong><\/p>\n\n\n\n<p>Mati Mormandi, poeta, compositor porte\u00f1o presenta textos y canciones de ahora<\/p>\n\n\n\n<p>y de sus \u00faltimos veinticinco a\u00f1os de tarea acompa\u00f1ado por un teclado y una silla.<\/p>\n\n\n\n<p>Mati Mormandi, Buenos Aires 1975, compositor, escritor, cantante, pianista, lleva adelante un amplio cancionero po\u00e9tico y filos\u00f3fico, grab\u00f3 una veintena de discos, escribi\u00f3 una milena de textos y toc\u00f3 en incontables escenarios de Argentina y algunos otros pa\u00edses. Su estilo es muy personal, con inevitables ra\u00edces en el Tango, la M\u00fasica Rioplatense, la Canci\u00f3n Cl\u00e1sica y con gran protagonismo de la Palabra y el Momento Presente, en esta ocasi\u00f3n en el Centro Cultural Cotesma presentar\u00e1 los temas nacientes, los textos m\u00e1s frescos y la ya cl\u00e1sica&nbsp;<em>Segunda Tanda<\/em>, una recorrida por todo el Cancionero a pedido de los presentes.<\/p>\n\n\n\n<p>Entradas en venta en la boleter\u00eda del Centro Cultural Cotesma<br>El Valor de las entradas ser\u00e1 de $800.-<br>El horario es 22hs<\/p>\n","protected":false},"excerpt":{"rendered":"<p>\u201cMilonga del A\u00f1o 20\u201d Mati Mormandi, poeta, compositor porte\u00f1o presenta textos y canciones de ahora y de sus \u00faltimos veinticinco a\u00f1os de tarea acompa\u00f1ado por un teclado y una silla. Mati Mormandi, Buenos Aires 1975, compositor, escritor, cantante, pianista, lleva adelante un amplio cancionero po\u00e9tico y filos\u00f3fico, grab\u00f3 una veintena de discos, escribi\u00f3 una milena de textos y toc\u00f3 en incontables escenarios de Argentina y &hellip; <a href=\"https:\/\/cultura.sma.gob.ar\/?p=2901\" class=\"more-link\">Continue reading <span class=\"screen-reader-text\">\u201cMilonga del A\u00f1o 20\u201d \/ Mi\u00e9rcoles 26 de enero, 22 hs \/ Centro Cultural Cotesma<\/span><\/a><\/p>\n","protected":false},"author":1,"featured_media":297,"comment_status":"closed","ping_status":"","sticky":false,"template":"","format":"image","meta":{"footnotes":""},"categories":[2],"tags":[],"class_list":["post-2901","post","type-post","status-publish","format-image","has-post-thumbnail","hentry","category-ciudad-cultural","post_format-post-format-image"],"_links":{"self":[{"href":"https:\/\/cultura.sma.gob.ar\/index.php?rest_route=\/wp\/v2\/posts\/2901","targetHints":{"allow":["GET"]}}],"collection":[{"href":"https:\/\/cultura.sma.gob.ar\/index.php?rest_route=\/wp\/v2\/posts"}],"about":[{"href":"https:\/\/cultura.sma.gob.ar\/index.php?rest_route=\/wp\/v2\/types\/post"}],"author":[{"embeddable":true,"href":"https:\/\/cultura.sma.gob.ar\/index.php?rest_route=\/wp\/v2\/users\/1"}],"replies":[{"embeddable":true,"href":"https:\/\/cultura.sma.gob.ar\/index.php?rest_route=%2Fwp%2Fv2%2Fcomments&post=2901"}],"version-history":[{"count":1,"href":"https:\/\/cultura.sma.gob.ar\/index.php?rest_route=\/wp\/v2\/posts\/2901\/revisions"}],"predecessor-version":[{"id":2903,"href":"https:\/\/cultura.sma.gob.ar\/index.php?rest_route=\/wp\/v2\/posts\/2901\/revisions\/2903"}],"wp:featuredmedia":[{"embeddable":true,"href":"https:\/\/cultura.sma.gob.ar\/index.php?rest_route=\/wp\/v2\/media\/297"}],"wp:attachment":[{"href":"https:\/\/cultura.sma.gob.ar\/index.php?rest_route=%2Fwp%2Fv2%2Fmedia&parent=2901"}],"wp:term":[{"taxonomy":"category","embeddable":true,"href":"https:\/\/cultura.sma.gob.ar\/index.php?rest_route=%2Fwp%2Fv2%2Fcategories&post=2901"},{"taxonomy":"post_tag","embeddable":true,"href":"https:\/\/cultura.sma.gob.ar\/index.php?rest_route=%2Fwp%2Fv2%2Ftags&post=2901"}],"curies":[{"name":"wp","href":"https:\/\/api.w.org\/{rel}","templated":true}]}}