{"id":2895,"date":"2022-01-14T12:11:26","date_gmt":"2022-01-14T15:11:26","guid":{"rendered":"http:\/\/cultura.sma.gob.ar\/?p=2895"},"modified":"2022-01-14T12:11:26","modified_gmt":"2022-01-14T15:11:26","slug":"el-angel-de-la-valija-sabado-15-de-enero-2130-hs-centro-cultural-cotesma","status":"publish","type":"post","link":"https:\/\/cultura.sma.gob.ar\/?p=2895","title":{"rendered":"El \u00c1ngel de la Valija \/  S\u00e1bado 15 de enero 21:30 hs \/ Centro Cultural Cotesma"},"content":{"rendered":"\n<figure class=\"wp-block-gallery columns-1 is-cropped wp-block-gallery-1 is-layout-flex wp-block-gallery-is-layout-flex\"><ul class=\"blocks-gallery-grid\"><li class=\"blocks-gallery-item\"><figure><img loading=\"lazy\" decoding=\"async\" width=\"1024\" height=\"1024\" src=\"https:\/\/cultura.sma.gob.ar\/wp-content\/uploads\/2022\/01\/WhatsApp-Image-2022-01-10-at-14.50.09-1024x1024.jpeg\" alt=\"\" data-id=\"2896\" data-full-url=\"https:\/\/cultura.sma.gob.ar\/wp-content\/uploads\/2022\/01\/WhatsApp-Image-2022-01-10-at-14.50.09.jpeg\" data-link=\"https:\/\/cultura.sma.gob.ar\/?attachment_id=2896\" class=\"wp-image-2896\" srcset=\"https:\/\/cultura.sma.gob.ar\/wp-content\/uploads\/2022\/01\/WhatsApp-Image-2022-01-10-at-14.50.09-1024x1024.jpeg 1024w, https:\/\/cultura.sma.gob.ar\/wp-content\/uploads\/2022\/01\/WhatsApp-Image-2022-01-10-at-14.50.09-300x300.jpeg 300w, https:\/\/cultura.sma.gob.ar\/wp-content\/uploads\/2022\/01\/WhatsApp-Image-2022-01-10-at-14.50.09-150x150.jpeg 150w, https:\/\/cultura.sma.gob.ar\/wp-content\/uploads\/2022\/01\/WhatsApp-Image-2022-01-10-at-14.50.09-768x768.jpeg 768w, https:\/\/cultura.sma.gob.ar\/wp-content\/uploads\/2022\/01\/WhatsApp-Image-2022-01-10-at-14.50.09-90x90.jpeg 90w, https:\/\/cultura.sma.gob.ar\/wp-content\/uploads\/2022\/01\/WhatsApp-Image-2022-01-10-at-14.50.09.jpeg 1081w\" sizes=\"auto, (max-width: 1024px) 100vw, 1024px\" \/><\/figure><\/li><\/ul><\/figure>\n\n\n\n<p><strong>\u201cEl \u00c1ngel de la valija&#8221;<\/strong><br><em>Seleccionada en el &#8220;5to Festival Internacional A Escenabierta de Guanajuato&#8221; (M\u00e9xico), &#8220;International Festival THEATERWELTEN&#8221; (Alemania) &#8220;Internacional Festival Spots op West&#8221; (B\u00e9lgica),\u00a0Festival Internacional NOMADA (El Salvador),\u00a0Festival de Artes Esc\u00e9nicas SISMO 2021 (Argentina),\u00a0&#8220;III FIAEET&#8221; ( Festival Internacional de Arte Esc\u00e9nico ECO Teatro) (Per\u00fa)<\/em><\/p>\n\n\n\n<p><strong>Duraci\u00f3n:\u00a0<\/strong>70 minutos\u00a0<\/p>\n\n\n\n<p><strong>Sinopsis:\u00a0<\/strong>Un cuerpo, una tela, un bast\u00f3n, una valija y un actor para contar nuestro tiempo, donde lo superfluo, lo intangible y lo incomprensible nos persigue. Esta es la historia de un hombre com\u00fan, que es designado para un trabajo extraordinario: ser un \u00c1ngel. Severo Callaci se vale del juego de la actuaci\u00f3n para representar 10 personajes que cuentan una historia entre el cielo y la tierra, el apego y la libertad. Un teatro popular para emocionarse y re\u00edrse.<\/p>\n\n\n\n<p><strong>Genero:\u00a0<\/strong>Comedia po\u00e9tica y fant\u00e1stica\u00a0<\/p>\n\n\n\n<p><strong>P\u00fablico al que est\u00e1 dirigido:\u00a0<\/strong>apta para todo p\u00fablico\u00a0<\/p>\n","protected":false},"excerpt":{"rendered":"<p>\u201cEl \u00c1ngel de la valija&#8221;Seleccionada en el &#8220;5to Festival Internacional A Escenabierta de Guanajuato&#8221; (M\u00e9xico), &#8220;International Festival THEATERWELTEN&#8221; (Alemania) &#8220;Internacional Festival Spots op West&#8221; (B\u00e9lgica),\u00a0Festival Internacional NOMADA (El Salvador),\u00a0Festival de Artes Esc\u00e9nicas SISMO 2021 (Argentina),\u00a0&#8220;III FIAEET&#8221; ( Festival Internacional de Arte Esc\u00e9nico ECO Teatro) (Per\u00fa) Duraci\u00f3n:\u00a070 minutos\u00a0 Sinopsis:\u00a0Un cuerpo, una tela, un bast\u00f3n, una valija y un actor para contar nuestro tiempo, donde lo superfluo, &hellip; <a href=\"https:\/\/cultura.sma.gob.ar\/?p=2895\" class=\"more-link\">Continue reading <span class=\"screen-reader-text\">El \u00c1ngel de la Valija \/  S\u00e1bado 15 de enero 21:30 hs \/ Centro Cultural Cotesma<\/span><\/a><\/p>\n","protected":false},"author":1,"featured_media":297,"comment_status":"closed","ping_status":"","sticky":false,"template":"","format":"image","meta":{"footnotes":""},"categories":[2],"tags":[],"class_list":["post-2895","post","type-post","status-publish","format-image","has-post-thumbnail","hentry","category-ciudad-cultural","post_format-post-format-image"],"_links":{"self":[{"href":"https:\/\/cultura.sma.gob.ar\/index.php?rest_route=\/wp\/v2\/posts\/2895","targetHints":{"allow":["GET"]}}],"collection":[{"href":"https:\/\/cultura.sma.gob.ar\/index.php?rest_route=\/wp\/v2\/posts"}],"about":[{"href":"https:\/\/cultura.sma.gob.ar\/index.php?rest_route=\/wp\/v2\/types\/post"}],"author":[{"embeddable":true,"href":"https:\/\/cultura.sma.gob.ar\/index.php?rest_route=\/wp\/v2\/users\/1"}],"replies":[{"embeddable":true,"href":"https:\/\/cultura.sma.gob.ar\/index.php?rest_route=%2Fwp%2Fv2%2Fcomments&post=2895"}],"version-history":[{"count":1,"href":"https:\/\/cultura.sma.gob.ar\/index.php?rest_route=\/wp\/v2\/posts\/2895\/revisions"}],"predecessor-version":[{"id":2897,"href":"https:\/\/cultura.sma.gob.ar\/index.php?rest_route=\/wp\/v2\/posts\/2895\/revisions\/2897"}],"wp:featuredmedia":[{"embeddable":true,"href":"https:\/\/cultura.sma.gob.ar\/index.php?rest_route=\/wp\/v2\/media\/297"}],"wp:attachment":[{"href":"https:\/\/cultura.sma.gob.ar\/index.php?rest_route=%2Fwp%2Fv2%2Fmedia&parent=2895"}],"wp:term":[{"taxonomy":"category","embeddable":true,"href":"https:\/\/cultura.sma.gob.ar\/index.php?rest_route=%2Fwp%2Fv2%2Fcategories&post=2895"},{"taxonomy":"post_tag","embeddable":true,"href":"https:\/\/cultura.sma.gob.ar\/index.php?rest_route=%2Fwp%2Fv2%2Ftags&post=2895"}],"curies":[{"name":"wp","href":"https:\/\/api.w.org\/{rel}","templated":true}]}}