{"id":2891,"date":"2022-01-14T10:39:33","date_gmt":"2022-01-14T13:39:33","guid":{"rendered":"http:\/\/cultura.sma.gob.ar\/?p=2891"},"modified":"2022-01-14T10:39:33","modified_gmt":"2022-01-14T13:39:33","slug":"leonardo-pittella-presenta-su-concierto-para-piano","status":"publish","type":"post","link":"https:\/\/cultura.sma.gob.ar\/?p=2891","title":{"rendered":"Leonardo Pittella presenta su Concierto para Piano"},"content":{"rendered":"\n<figure class=\"wp-block-image size-large\"><img loading=\"lazy\" decoding=\"async\" width=\"500\" height=\"500\" src=\"http:\/\/cultura.sma.gob.ar\/wp-content\/uploads\/2022\/01\/Flyer-Leonardo-Pittella-500x500-1.png\" alt=\"\" class=\"wp-image-2892\" srcset=\"https:\/\/cultura.sma.gob.ar\/wp-content\/uploads\/2022\/01\/Flyer-Leonardo-Pittella-500x500-1.png 500w, https:\/\/cultura.sma.gob.ar\/wp-content\/uploads\/2022\/01\/Flyer-Leonardo-Pittella-500x500-1-300x300.png 300w, https:\/\/cultura.sma.gob.ar\/wp-content\/uploads\/2022\/01\/Flyer-Leonardo-Pittella-500x500-1-150x150.png 150w, https:\/\/cultura.sma.gob.ar\/wp-content\/uploads\/2022\/01\/Flyer-Leonardo-Pittella-500x500-1-90x90.png 90w\" sizes=\"auto, (max-width: 500px) 100vw, 500px\" \/><\/figure>\n\n\n\n<p>Leonardo Pittella presenta su Concierto para Piano.<br><\/p>\n\n\n\n<p>\ud83d\udccd Teatro San Jos\u00e9 <\/p>\n\n\n\n<p>&#8211; S\u00e1bado 22 de enero, 21 hs <\/p>\n\n\n\n<p>&#8211; Entradas $400<br><\/p>\n\n\n\n<p>\ud83c\udfbc El pianista Leonardo Pittella propondr\u00e1 en esta velada un peque\u00f1o viaje musical, pasando por la m\u00fasica cl\u00e1sica, de pel\u00edculas y canciones. M\u00fasica para piano.<br><\/p>\n\n\n\n<p>\u2139 Las entradas se pueden adquirir en la boleter\u00eda del teatro, de 9 a 21 hs, o mediante EntradaWeb a trav\u00e9s del siguiente link: <\/p>\n\n\n\n<p>https:\/\/www.entradaweb.com.ar\/index.php?r=site%2Fdetalles&#038;d=1bb50831<\/p>\n","protected":false},"excerpt":{"rendered":"<p>Leonardo Pittella presenta su Concierto para Piano. \ud83d\udccd Teatro San Jos\u00e9 &#8211; S\u00e1bado 22 de enero, 21 hs &#8211; Entradas $400 \ud83c\udfbc El pianista Leonardo Pittella propondr\u00e1 en esta velada un peque\u00f1o viaje musical, pasando por la m\u00fasica cl\u00e1sica, de pel\u00edculas y canciones. M\u00fasica para piano. \u2139 Las entradas se pueden adquirir en la boleter\u00eda del teatro, de 9 a 21 hs, o mediante EntradaWeb &hellip; <a href=\"https:\/\/cultura.sma.gob.ar\/?p=2891\" class=\"more-link\">Continue reading <span class=\"screen-reader-text\">Leonardo Pittella presenta su Concierto para Piano<\/span><\/a><\/p>\n","protected":false},"author":1,"featured_media":292,"comment_status":"closed","ping_status":"","sticky":false,"template":"","format":"image","meta":{"footnotes":""},"categories":[8],"tags":[],"class_list":["post-2891","post","type-post","status-publish","format-image","has-post-thumbnail","hentry","category-teatro-san-jose","post_format-post-format-image"],"_links":{"self":[{"href":"https:\/\/cultura.sma.gob.ar\/index.php?rest_route=\/wp\/v2\/posts\/2891","targetHints":{"allow":["GET"]}}],"collection":[{"href":"https:\/\/cultura.sma.gob.ar\/index.php?rest_route=\/wp\/v2\/posts"}],"about":[{"href":"https:\/\/cultura.sma.gob.ar\/index.php?rest_route=\/wp\/v2\/types\/post"}],"author":[{"embeddable":true,"href":"https:\/\/cultura.sma.gob.ar\/index.php?rest_route=\/wp\/v2\/users\/1"}],"replies":[{"embeddable":true,"href":"https:\/\/cultura.sma.gob.ar\/index.php?rest_route=%2Fwp%2Fv2%2Fcomments&post=2891"}],"version-history":[{"count":1,"href":"https:\/\/cultura.sma.gob.ar\/index.php?rest_route=\/wp\/v2\/posts\/2891\/revisions"}],"predecessor-version":[{"id":2893,"href":"https:\/\/cultura.sma.gob.ar\/index.php?rest_route=\/wp\/v2\/posts\/2891\/revisions\/2893"}],"wp:featuredmedia":[{"embeddable":true,"href":"https:\/\/cultura.sma.gob.ar\/index.php?rest_route=\/wp\/v2\/media\/292"}],"wp:attachment":[{"href":"https:\/\/cultura.sma.gob.ar\/index.php?rest_route=%2Fwp%2Fv2%2Fmedia&parent=2891"}],"wp:term":[{"taxonomy":"category","embeddable":true,"href":"https:\/\/cultura.sma.gob.ar\/index.php?rest_route=%2Fwp%2Fv2%2Fcategories&post=2891"},{"taxonomy":"post_tag","embeddable":true,"href":"https:\/\/cultura.sma.gob.ar\/index.php?rest_route=%2Fwp%2Fv2%2Ftags&post=2891"}],"curies":[{"name":"wp","href":"https:\/\/api.w.org\/{rel}","templated":true}]}}