{"id":2862,"date":"2022-01-09T17:10:30","date_gmt":"2022-01-09T20:10:30","guid":{"rendered":"http:\/\/cultura.sma.gob.ar\/?p=2862"},"modified":"2022-01-09T17:10:30","modified_gmt":"2022-01-09T20:10:30","slug":"proyecto-anabachsis-vol-1","status":"publish","type":"post","link":"https:\/\/cultura.sma.gob.ar\/?p=2862","title":{"rendered":"Proyecto Anabachsis (Vol. 1)"},"content":{"rendered":"\n<figure class=\"wp-block-image size-large\"><img loading=\"lazy\" decoding=\"async\" width=\"724\" height=\"1024\" src=\"http:\/\/cultura.sma.gob.ar\/wp-content\/uploads\/2022\/01\/AFICHE-anabachsis-jpg-1-724x1024.jpg\" alt=\"\" class=\"wp-image-2863\" srcset=\"https:\/\/cultura.sma.gob.ar\/wp-content\/uploads\/2022\/01\/AFICHE-anabachsis-jpg-1-724x1024.jpg 724w, https:\/\/cultura.sma.gob.ar\/wp-content\/uploads\/2022\/01\/AFICHE-anabachsis-jpg-1-212x300.jpg 212w, https:\/\/cultura.sma.gob.ar\/wp-content\/uploads\/2022\/01\/AFICHE-anabachsis-jpg-1-768x1086.jpg 768w, https:\/\/cultura.sma.gob.ar\/wp-content\/uploads\/2022\/01\/AFICHE-anabachsis-jpg-1-64x90.jpg 64w, https:\/\/cultura.sma.gob.ar\/wp-content\/uploads\/2022\/01\/AFICHE-anabachsis-jpg-1.jpg 1052w\" sizes=\"auto, (max-width: 724px) 100vw, 724px\" \/><\/figure>\n\n\n\n<ul class=\"wp-block-list\"><li>Viernes 14<\/li><\/ul>\n\n\n\n<ul class=\"wp-block-list\"><li>21:00 horas<\/li><\/ul>\n\n\n\n<ul class=\"wp-block-list\"><li>Entrada $500<br><\/li><li>Dramaturgia: Malena Verduga Mart\u00ednez,  Lucas Verduga Santill\u00e1n y Manuel Jelen<\/li><\/ul>\n\n\n\n<p><strong>S\u00edntesis descriptiva: <\/strong><\/p>\n\n\n\n<p>Todo quehacer art\u00edstico implica un recorrido, po\u00e9ticamente inevitable, matem\u00e1ticamente misterioso. Hacia adentro, hacia afuera, hacia abajo, hacia arriba. Su estructura invisible nos arrastra a intemperies an\u00edmicas (\u00e1lmicas), que intuimos persiguen un anhelo \u00faltimo de Unidad o, en todo caso, el escape primero del falso imaginario de la separatividad encarnada.<\/p>\n\n\n\n<p>A trav\u00e9s de la Partita para viol\u00edn solo N\u00ba 2 de Johann Sebastian Bach, este proyecto busca acompa\u00f1arnos en uno de esos posibles recorridos utilizando &#8211; a modo de piquetas &#8211; lenguajes sonoros, pl\u00e1sticos y esc\u00e9nicos.<\/p>\n\n\n\n<p>Int\u00e9rpretes: Malena Verduga Mart\u00ednez,  Lucas Verduga Santill\u00e1n y  Manuel J\u00e9len<\/p>\n\n\n\n<p>Asistencia T\u00e9cnica: Adriana Mart\u00ednez Araujo<\/p>\n","protected":false},"excerpt":{"rendered":"<p>Viernes 14 21:00 horas Entrada $500 Dramaturgia: Malena Verduga Mart\u00ednez, Lucas Verduga Santill\u00e1n y Manuel Jelen S\u00edntesis descriptiva: Todo quehacer art\u00edstico implica un recorrido, po\u00e9ticamente inevitable, matem\u00e1ticamente misterioso. Hacia adentro, hacia afuera, hacia abajo, hacia arriba. Su estructura invisible nos arrastra a intemperies an\u00edmicas (\u00e1lmicas), que intuimos persiguen un anhelo \u00faltimo de Unidad o, en todo caso, el escape primero del falso imaginario de la &hellip; <a href=\"https:\/\/cultura.sma.gob.ar\/?p=2862\" class=\"more-link\">Continue reading <span class=\"screen-reader-text\">Proyecto Anabachsis (Vol. 1)<\/span><\/a><\/p>\n","protected":false},"author":1,"featured_media":292,"comment_status":"closed","ping_status":"","sticky":false,"template":"","format":"image","meta":{"footnotes":""},"categories":[8],"tags":[],"class_list":["post-2862","post","type-post","status-publish","format-image","has-post-thumbnail","hentry","category-teatro-san-jose","post_format-post-format-image"],"_links":{"self":[{"href":"https:\/\/cultura.sma.gob.ar\/index.php?rest_route=\/wp\/v2\/posts\/2862","targetHints":{"allow":["GET"]}}],"collection":[{"href":"https:\/\/cultura.sma.gob.ar\/index.php?rest_route=\/wp\/v2\/posts"}],"about":[{"href":"https:\/\/cultura.sma.gob.ar\/index.php?rest_route=\/wp\/v2\/types\/post"}],"author":[{"embeddable":true,"href":"https:\/\/cultura.sma.gob.ar\/index.php?rest_route=\/wp\/v2\/users\/1"}],"replies":[{"embeddable":true,"href":"https:\/\/cultura.sma.gob.ar\/index.php?rest_route=%2Fwp%2Fv2%2Fcomments&post=2862"}],"version-history":[{"count":1,"href":"https:\/\/cultura.sma.gob.ar\/index.php?rest_route=\/wp\/v2\/posts\/2862\/revisions"}],"predecessor-version":[{"id":2864,"href":"https:\/\/cultura.sma.gob.ar\/index.php?rest_route=\/wp\/v2\/posts\/2862\/revisions\/2864"}],"wp:featuredmedia":[{"embeddable":true,"href":"https:\/\/cultura.sma.gob.ar\/index.php?rest_route=\/wp\/v2\/media\/292"}],"wp:attachment":[{"href":"https:\/\/cultura.sma.gob.ar\/index.php?rest_route=%2Fwp%2Fv2%2Fmedia&parent=2862"}],"wp:term":[{"taxonomy":"category","embeddable":true,"href":"https:\/\/cultura.sma.gob.ar\/index.php?rest_route=%2Fwp%2Fv2%2Fcategories&post=2862"},{"taxonomy":"post_tag","embeddable":true,"href":"https:\/\/cultura.sma.gob.ar\/index.php?rest_route=%2Fwp%2Fv2%2Ftags&post=2862"}],"curies":[{"name":"wp","href":"https:\/\/api.w.org\/{rel}","templated":true}]}}