{"id":2859,"date":"2022-01-09T17:23:50","date_gmt":"2022-01-09T20:23:50","guid":{"rendered":"http:\/\/cultura.sma.gob.ar\/?p=2859"},"modified":"2022-01-09T17:31:20","modified_gmt":"2022-01-09T20:31:20","slug":"el-museo-municipal-primeros-pobladores-reabre-sus-puertas-con-una-atractiva-muestra-de-historia-local","status":"publish","type":"post","link":"https:\/\/cultura.sma.gob.ar\/?p=2859","title":{"rendered":"El Museo Municipal Primeros Pobladores reabre sus puertas con una atractiva muestra de historia local"},"content":{"rendered":"\n<figure class=\"wp-block-image size-large\"><img loading=\"lazy\" decoding=\"async\" width=\"1024\" height=\"1024\" src=\"http:\/\/cultura.sma.gob.ar\/wp-content\/uploads\/2022\/01\/flyer-inauguracion-01-01-1024x1024.jpg\" alt=\"\" class=\"wp-image-2860\" srcset=\"https:\/\/cultura.sma.gob.ar\/wp-content\/uploads\/2022\/01\/flyer-inauguracion-01-01-1024x1024.jpg 1024w, https:\/\/cultura.sma.gob.ar\/wp-content\/uploads\/2022\/01\/flyer-inauguracion-01-01-300x300.jpg 300w, https:\/\/cultura.sma.gob.ar\/wp-content\/uploads\/2022\/01\/flyer-inauguracion-01-01-150x150.jpg 150w, https:\/\/cultura.sma.gob.ar\/wp-content\/uploads\/2022\/01\/flyer-inauguracion-01-01-768x768.jpg 768w, https:\/\/cultura.sma.gob.ar\/wp-content\/uploads\/2022\/01\/flyer-inauguracion-01-01-1536x1536.jpg 1536w, https:\/\/cultura.sma.gob.ar\/wp-content\/uploads\/2022\/01\/flyer-inauguracion-01-01-90x90.jpg 90w, https:\/\/cultura.sma.gob.ar\/wp-content\/uploads\/2022\/01\/flyer-inauguracion-01-01.jpg 1875w\" sizes=\"auto, (max-width: 1024px) 100vw, 1024px\" \/><\/figure>\n\n\n\n<p>El viernes 14 de enero a las 20 horas quedar\u00e1 inaugurada la muestra &#8220;El valle del Pocahullo&#8221; en el Museo Municipal Primeros Pobladores. La nueva propuesta propone descubrir fragmentos de la historia de la localidad a trav\u00e9s de una selecci\u00f3n de objetos e im\u00e1genes, ordenados en una l\u00ednea del tiempo que abarca desde la \u00e9poca precolombina hasta la d\u00e9cada del 60.\u00a0<\/p>\n\n\n\n<p>La selecci\u00f3n es diversa, incluye desde hechos de gran trascendencia hasta episodios menos conocidos que, sin embargo, tambi\u00e9n contribuyeron a moldear el entramado cultural que define la identidad de San Mart\u00edn de los Andes. El acto de inauguraci\u00f3n es abierto al p\u00fablico. <\/p>\n\n\n\n<p>El ingreso al museo se realizar\u00e1 en grupos reducidos, por orden de llegada. La muestra &#8221;El valle del Pocahullo&#8221; podr\u00e1 visitarse los lunes de 9 a 14, de martes a viernes de 9 a 21, y los s\u00e1bados y domingos de 17 a 21 hs.<\/p>\n","protected":false},"excerpt":{"rendered":"<p>El viernes 14 de enero a las 20 horas quedar\u00e1 inaugurada la muestra &#8220;El valle del Pocahullo&#8221; en el Museo Municipal Primeros Pobladores. La nueva propuesta propone descubrir fragmentos de la historia de la localidad a trav\u00e9s de una selecci\u00f3n de objetos e im\u00e1genes, ordenados en una l\u00ednea del tiempo que abarca desde la \u00e9poca precolombina hasta la d\u00e9cada del 60.\u00a0 La selecci\u00f3n es diversa, &hellip; <a href=\"https:\/\/cultura.sma.gob.ar\/?p=2859\" class=\"more-link\">Continue reading <span class=\"screen-reader-text\">El Museo Municipal Primeros Pobladores reabre sus puertas con una atractiva muestra de historia local<\/span><\/a><\/p>\n","protected":false},"author":1,"featured_media":294,"comment_status":"closed","ping_status":"closed","sticky":false,"template":"","format":"image","meta":{"footnotes":""},"categories":[4],"tags":[],"class_list":["post-2859","post","type-post","status-publish","format-image","has-post-thumbnail","hentry","category-museo-primeros-pobladores","post_format-post-format-image"],"_links":{"self":[{"href":"https:\/\/cultura.sma.gob.ar\/index.php?rest_route=\/wp\/v2\/posts\/2859","targetHints":{"allow":["GET"]}}],"collection":[{"href":"https:\/\/cultura.sma.gob.ar\/index.php?rest_route=\/wp\/v2\/posts"}],"about":[{"href":"https:\/\/cultura.sma.gob.ar\/index.php?rest_route=\/wp\/v2\/types\/post"}],"author":[{"embeddable":true,"href":"https:\/\/cultura.sma.gob.ar\/index.php?rest_route=\/wp\/v2\/users\/1"}],"replies":[{"embeddable":true,"href":"https:\/\/cultura.sma.gob.ar\/index.php?rest_route=%2Fwp%2Fv2%2Fcomments&post=2859"}],"version-history":[{"count":1,"href":"https:\/\/cultura.sma.gob.ar\/index.php?rest_route=\/wp\/v2\/posts\/2859\/revisions"}],"predecessor-version":[{"id":2861,"href":"https:\/\/cultura.sma.gob.ar\/index.php?rest_route=\/wp\/v2\/posts\/2859\/revisions\/2861"}],"wp:featuredmedia":[{"embeddable":true,"href":"https:\/\/cultura.sma.gob.ar\/index.php?rest_route=\/wp\/v2\/media\/294"}],"wp:attachment":[{"href":"https:\/\/cultura.sma.gob.ar\/index.php?rest_route=%2Fwp%2Fv2%2Fmedia&parent=2859"}],"wp:term":[{"taxonomy":"category","embeddable":true,"href":"https:\/\/cultura.sma.gob.ar\/index.php?rest_route=%2Fwp%2Fv2%2Fcategories&post=2859"},{"taxonomy":"post_tag","embeddable":true,"href":"https:\/\/cultura.sma.gob.ar\/index.php?rest_route=%2Fwp%2Fv2%2Ftags&post=2859"}],"curies":[{"name":"wp","href":"https:\/\/api.w.org\/{rel}","templated":true}]}}