{"id":2856,"date":"2022-01-09T17:05:11","date_gmt":"2022-01-09T20:05:11","guid":{"rendered":"http:\/\/cultura.sma.gob.ar\/?p=2856"},"modified":"2022-01-09T17:31:35","modified_gmt":"2022-01-09T20:31:35","slug":"este-sabado-vuelve-la-noche-de-los-museos-y-las-salas-de-arte","status":"publish","type":"post","link":"https:\/\/cultura.sma.gob.ar\/?p=2856","title":{"rendered":"Este s\u00e1bado, vuelve la Noche de los Museos y las Salas de Arte"},"content":{"rendered":"\n<figure class=\"wp-block-image size-large\"><img loading=\"lazy\" decoding=\"async\" width=\"1024\" height=\"1024\" src=\"http:\/\/cultura.sma.gob.ar\/wp-content\/uploads\/2022\/01\/noche-de-los-museos-01-1024x1024.jpg\" alt=\"\" class=\"wp-image-2857\" srcset=\"https:\/\/cultura.sma.gob.ar\/wp-content\/uploads\/2022\/01\/noche-de-los-museos-01-1024x1024.jpg 1024w, https:\/\/cultura.sma.gob.ar\/wp-content\/uploads\/2022\/01\/noche-de-los-museos-01-300x300.jpg 300w, https:\/\/cultura.sma.gob.ar\/wp-content\/uploads\/2022\/01\/noche-de-los-museos-01-150x150.jpg 150w, https:\/\/cultura.sma.gob.ar\/wp-content\/uploads\/2022\/01\/noche-de-los-museos-01-768x768.jpg 768w, https:\/\/cultura.sma.gob.ar\/wp-content\/uploads\/2022\/01\/noche-de-los-museos-01-1536x1536.jpg 1536w, https:\/\/cultura.sma.gob.ar\/wp-content\/uploads\/2022\/01\/noche-de-los-museos-01-90x90.jpg 90w, https:\/\/cultura.sma.gob.ar\/wp-content\/uploads\/2022\/01\/noche-de-los-museos-01.jpg 1875w\" sizes=\"auto, (max-width: 1024px) 100vw, 1024px\" \/><\/figure>\n\n\n\n<p><\/p>\n\n\n\n<p>Este evento a desarrollarse el 15 de enero, es de entrada libre, y consiste en abrir estos espacios expositivos entre las 19 y las 00 hs, generando un circuito cultural.<\/p>\n\n\n\n<p>Participan de este evento el \u201cMuseo Primeros Pobladores\u201d, el \u201cCentro de Visitantes y Museo del Parque Nacional Lan\u00edn\u201d, \u201cLa Pastera, museo del Che\u201d, \u201cCasa Chidiak\u201d, \u201cSala Lidaura Chapitel\u201d, \u201cSala Gunther Blass\u201d y \u201cColecci\u00f3n Georg\u201d.<\/p>\n\n\n\n<p>Para facilitar el acceso del p\u00fablico a la \u201cColecci\u00f3n Georg\u201d se ofrecer\u00e1 un servicio de traslado en minib\u00fas, que partir\u00e1 de la Sala Lidaura Chapitel (Cap. Drury 665), a las 20:00 y 21:30 hs. La capacidad del minib\u00fas se completar\u00e1 por orden de llegada.<br>A continuaci\u00f3n se ofrece una breve descripci\u00f3n de cada uno de los espacios que participan y su propuesta para esta Noche de los Museos y las Salas de Arte.<\/p>\n\n\n\n<p><br><strong>Museo Municipal Primeros Pobladores<\/strong><br>Es un edificio patrimonial, sede de la primer comisi\u00f3n de fomento y un arquetipo de la arquitectura del \u201cper\u00edodo fundacional\u201d de San Mart\u00edn de los Andes. Exhibir\u00e1 la muestra \u201cEl valle del Pocahullo\u201d que recoge fragmentos de la historia local desde tiempo precolombinos hasta la d\u00e9cada del 60.<\/p>\n\n\n\n<p><strong>Centro de Visitantes y Museo del Parque Nacional Lan\u00edn <\/strong><\/p>\n\n\n\n<p>Funciona en la vieja Intendencia del Parque Nacional Lan\u00edn, \u00fanico edificio de la ciudad declarado Monumento Hist\u00f3rico Nacional. Posee dos muestras: una hist\u00f3rica, sobre la ocupaci\u00f3n de territorio patag\u00f3nico y la creaci\u00f3n de los parques nacionales, y otra de biodiversidad, sobre la flora y fauna aut\u00f3ctona y la importancia del bosque andino patag\u00f3nico como regulador de cuencas h\u00eddricas.<\/p>\n\n\n\n<p><strong>Sala Municipal de Exposiciones Lidaura Chapitel<\/strong><\/p>\n\n\n\n<p>Durante todo el a\u00f1o exhibe muestras de artistas visuales, tanto de San Mart\u00edn de los Andes como de otras ciudades del pa\u00eds. Tambi\u00e9n alberga muestras con tem\u00e1ticas espec\u00edficas asociadas a eventos culturales. En esta oportunidad se encuentra la muestra \u201cSonidos y Secretos\u201d de las artistas Isabel de Laborde Larminat e Isabel Uboldi.<\/p>\n\n\n\n<p><strong>La Pastera, mueso del Che<\/strong><\/p>\n\n\n\n<p>La Pastera es una alternativa distinta para conocer la vida y el pensamiento de Ernesto Che Guevara. El edificio es una pieza de colecci\u00f3n en s\u00ed misma. All\u00ed pernoctaron el Che y Alberto Granado durante el viaje que retrat\u00f3 la pel\u00edcula Diario de motocicleta. La moto utilizada en esta pel\u00edcula, r\u00e9plica de la original, estar\u00e1 exhibida durante este evento.<\/p>\n\n\n\n<p><strong>Casa Chidiak<\/strong><\/p>\n\n\n\n<p>La Casa Chidiak fue construida en 1907 y perteneci\u00f3 a una de las familias pioneras de la localidad. Para su resguardo y preservaci\u00f3n, en 2003 fue adquirida por Cotesma, la cooperativa telef\u00f3nica local, que luego desarroll\u00f3 un extraordinario trabajo de recuperaci\u00f3n y restauraci\u00f3n del inmueble. En su interior se recrea la ambientaci\u00f3n t\u00edpica de una casa de principios del siglo XX.<\/p>\n\n\n\n<p><strong>Sala Gunther Blass<\/strong><\/p>\n\n\n\n<p>Es el espacio expositivo del Centro Cultural Cotesma, en el que han expuesto a lo largo de los a\u00f1os una innumerable cantidad de artistas, tanto emergentes como consagrados. Lleva el nombre del entra\u00f1able pintor y escultor austriaco, radicado en San Mart\u00edn de los Andes en 1971.<br>Para este evento, la Sala Ghunter Blass exhibir\u00e1 las obras de las artistas locales Sof\u00eda Wernicke, Ver\u00f3nica Arce y M\u00f3nica Izquierdo.<\/p>\n\n\n\n<p><strong>Colecci\u00f3n Georg<\/strong><\/p>\n\n\n\n<p>Aqu\u00ed se encuentran las obras pict\u00f3ricas y fotogr\u00e1ficas de diez integrantes de la ya legendaria familia Miciu, junto a pinturas y esculturas de otros artistas, en su mayor\u00eda de la Patagonia. El edificio que alberga esta colecci\u00f3n, desarrollado bajo el concepto de galer\u00eda-museo, y el entorno en el que se emplaza, representan un atractivo en s\u00ed mismo.<\/p>\n","protected":false},"excerpt":{"rendered":"<p>Este evento a desarrollarse el 15 de enero, es de entrada libre, y consiste en abrir estos espacios expositivos entre las 19 y las 00 hs, generando un circuito cultural. Participan de este evento el \u201cMuseo Primeros Pobladores\u201d, el \u201cCentro de Visitantes y Museo del Parque Nacional Lan\u00edn\u201d, \u201cLa Pastera, museo del Che\u201d, \u201cCasa Chidiak\u201d, \u201cSala Lidaura Chapitel\u201d, \u201cSala Gunther Blass\u201d y \u201cColecci\u00f3n Georg\u201d. Para &hellip; <a href=\"https:\/\/cultura.sma.gob.ar\/?p=2856\" class=\"more-link\">Continue reading <span class=\"screen-reader-text\">Este s\u00e1bado, vuelve la Noche de los Museos y las Salas de Arte<\/span><\/a><\/p>\n","protected":false},"author":1,"featured_media":294,"comment_status":"closed","ping_status":"closed","sticky":false,"template":"","format":"image","meta":{"footnotes":""},"categories":[4],"tags":[],"class_list":["post-2856","post","type-post","status-publish","format-image","has-post-thumbnail","hentry","category-museo-primeros-pobladores","post_format-post-format-image"],"_links":{"self":[{"href":"https:\/\/cultura.sma.gob.ar\/index.php?rest_route=\/wp\/v2\/posts\/2856","targetHints":{"allow":["GET"]}}],"collection":[{"href":"https:\/\/cultura.sma.gob.ar\/index.php?rest_route=\/wp\/v2\/posts"}],"about":[{"href":"https:\/\/cultura.sma.gob.ar\/index.php?rest_route=\/wp\/v2\/types\/post"}],"author":[{"embeddable":true,"href":"https:\/\/cultura.sma.gob.ar\/index.php?rest_route=\/wp\/v2\/users\/1"}],"replies":[{"embeddable":true,"href":"https:\/\/cultura.sma.gob.ar\/index.php?rest_route=%2Fwp%2Fv2%2Fcomments&post=2856"}],"version-history":[{"count":1,"href":"https:\/\/cultura.sma.gob.ar\/index.php?rest_route=\/wp\/v2\/posts\/2856\/revisions"}],"predecessor-version":[{"id":2858,"href":"https:\/\/cultura.sma.gob.ar\/index.php?rest_route=\/wp\/v2\/posts\/2856\/revisions\/2858"}],"wp:featuredmedia":[{"embeddable":true,"href":"https:\/\/cultura.sma.gob.ar\/index.php?rest_route=\/wp\/v2\/media\/294"}],"wp:attachment":[{"href":"https:\/\/cultura.sma.gob.ar\/index.php?rest_route=%2Fwp%2Fv2%2Fmedia&parent=2856"}],"wp:term":[{"taxonomy":"category","embeddable":true,"href":"https:\/\/cultura.sma.gob.ar\/index.php?rest_route=%2Fwp%2Fv2%2Fcategories&post=2856"},{"taxonomy":"post_tag","embeddable":true,"href":"https:\/\/cultura.sma.gob.ar\/index.php?rest_route=%2Fwp%2Fv2%2Ftags&post=2856"}],"curies":[{"name":"wp","href":"https:\/\/api.w.org\/{rel}","templated":true}]}}