{"id":2848,"date":"2022-01-04T11:48:13","date_gmt":"2022-01-04T14:48:13","guid":{"rendered":"http:\/\/cultura.sma.gob.ar\/?p=2848"},"modified":"2022-05-10T10:13:16","modified_gmt":"2022-05-10T13:13:16","slug":"convocatoria-expo-colectiva-de-artistas-locales-y-regionales-2022","status":"publish","type":"post","link":"https:\/\/cultura.sma.gob.ar\/?p=2848","title":{"rendered":"CONVOCATORIA EXPO COLECTIVA DE ARTISTAS LOCALES Y REGIONALES 2022 (FINALIZADA)"},"content":{"rendered":"\n<figure class=\"wp-block-image size-large\"><img loading=\"lazy\" decoding=\"async\" width=\"800\" height=\"534\" src=\"http:\/\/cultura.sma.gob.ar\/wp-content\/uploads\/2022\/01\/si-3.jpg\" alt=\"\" class=\"wp-image-2849\" srcset=\"https:\/\/cultura.sma.gob.ar\/wp-content\/uploads\/2022\/01\/si-3.jpg 800w, https:\/\/cultura.sma.gob.ar\/wp-content\/uploads\/2022\/01\/si-3-300x200.jpg 300w, https:\/\/cultura.sma.gob.ar\/wp-content\/uploads\/2022\/01\/si-3-768x513.jpg 768w, https:\/\/cultura.sma.gob.ar\/wp-content\/uploads\/2022\/01\/si-3-135x90.jpg 135w\" sizes=\"auto, (max-width: 800px) 100vw, 800px\" \/><\/figure>\n\n\n\n<p>La Sala Municipal de Exposiciones \u201cLidaura Chapitel\u201d convoca a artistas visuales&nbsp; de San Mart\u00edn de los Andes y la regi\u00f3n a participar de la Exposici\u00f3n Colectiva Abierta 2022 de la Sala Municipal Lidaura Chapitel que se desarrollar\u00e1 en el mes de febrero.<\/p>\n\n\n\n<p>Los\/as interesados\/as en participar deben enviar&nbsp; hasta el 24 de enero de 2022 inclusive a&nbsp;<a href=\"mailto:sala.chapitel@smandes.gov.ar\" target=\"_blank\" rel=\"noreferrer noopener\">sala.chapitel@smandes.gov.ar<\/a>&nbsp; dos propuestas expositivas.<\/p>\n\n\n\n<p>Las propuestas deben contar con la siguiente informaci\u00f3n:<\/p>\n\n\n\n<p>Imagen de la obra en jpg (o link en el caso de video) HASTA 5 MB<\/p>\n\n\n\n<p>Ficha t\u00e9cnica de la obra (en DOCUMENTO WORD)<\/p>\n\n\n\n<p>\u00b7&nbsp;&nbsp;&nbsp;&nbsp;&nbsp;&nbsp;&nbsp;&nbsp;T\u00edtulo<\/p>\n\n\n\n<p>\u00b7&nbsp;&nbsp;&nbsp;&nbsp;&nbsp;&nbsp;&nbsp;&nbsp;Nombre autor\/a<\/p>\n\n\n\n<p>\u00b7&nbsp;&nbsp;&nbsp;&nbsp;&nbsp;&nbsp;&nbsp;&nbsp;T\u00e9cnica<\/p>\n\n\n\n<p>\u00b7&nbsp;&nbsp;&nbsp;&nbsp;&nbsp;&nbsp;&nbsp;&nbsp;Medidas<\/p>\n\n\n\n<p>\u00b7&nbsp;&nbsp;&nbsp;&nbsp;&nbsp;&nbsp;&nbsp;&nbsp;A\u00f1o<\/p>\n\n\n\n<p>\u00b7&nbsp;&nbsp;&nbsp;&nbsp;&nbsp;&nbsp;&nbsp;&nbsp;Precio de la obra<\/p>\n\n\n\n<p>\u00b7&nbsp;&nbsp;&nbsp;&nbsp;&nbsp;&nbsp;&nbsp;&nbsp;Descripci\u00f3n detallada del soporte y su forma de montaje<\/p>\n\n\n\n<p>Breve rese\u00f1a biogr\u00e1fica (hasta mil caracteres)<\/p>\n\n\n\n<p>Tanto la foto de la obra como el documento Word con sus datos deber\u00e1n estar nominados con nombre y apellido de la\/el artista y ser enviados en un \u00fanico correo.<\/p>\n\n\n\n<p>Se seleccionar\u00e1 s\u00f3lo una propuesta que deber\u00e1 presentarse en la Sala el 27 y 28 de enero de 9 a 13:30 y de 17:30 a 20:00 hs, sin excepci\u00f3n.<\/p>\n\n\n\n<p><strong>La Sala Municipal de Exposiciones se encargar\u00e1 de:<\/strong><\/p>\n\n\n\n<p>Selecci\u00f3n de propuestas<\/p>\n\n\n\n<p>Curadur\u00eda y Montaje<\/p>\n\n\n\n<p>Seguro de permanencia en sala<\/p>\n\n\n\n<p>Gr\u00e1fica<\/p>\n\n\n\n<p>Comunicaci\u00f3n y difusi\u00f3n<\/p>\n\n\n\n<p>No se cubren gastos de env\u00edo ni producci\u00f3n de obra.<\/p>\n","protected":false},"excerpt":{"rendered":"<p>La Sala Municipal de Exposiciones \u201cLidaura Chapitel\u201d convoca a artistas visuales&nbsp; de San Mart\u00edn de los Andes y la regi\u00f3n a participar de la Exposici\u00f3n Colectiva Abierta 2022 de la Sala Municipal Lidaura Chapitel que se desarrollar\u00e1 en el mes de febrero. Los\/as interesados\/as en participar deben enviar&nbsp; hasta el 24 de enero de 2022 inclusive a&nbsp;sala.chapitel@smandes.gov.ar&nbsp; dos propuestas expositivas. Las propuestas deben contar con &hellip; <a href=\"https:\/\/cultura.sma.gob.ar\/?p=2848\" class=\"more-link\">Continue reading <span class=\"screen-reader-text\">CONVOCATORIA EXPO COLECTIVA DE ARTISTAS LOCALES Y REGIONALES 2022 (FINALIZADA)<\/span><\/a><\/p>\n","protected":false},"author":1,"featured_media":295,"comment_status":"closed","ping_status":"","sticky":false,"template":"","format":"image","meta":{"footnotes":""},"categories":[6],"tags":[],"class_list":["post-2848","post","type-post","status-publish","format-image","has-post-thumbnail","hentry","category-sala-lidaura-chapitel","post_format-post-format-image"],"_links":{"self":[{"href":"https:\/\/cultura.sma.gob.ar\/index.php?rest_route=\/wp\/v2\/posts\/2848","targetHints":{"allow":["GET"]}}],"collection":[{"href":"https:\/\/cultura.sma.gob.ar\/index.php?rest_route=\/wp\/v2\/posts"}],"about":[{"href":"https:\/\/cultura.sma.gob.ar\/index.php?rest_route=\/wp\/v2\/types\/post"}],"author":[{"embeddable":true,"href":"https:\/\/cultura.sma.gob.ar\/index.php?rest_route=\/wp\/v2\/users\/1"}],"replies":[{"embeddable":true,"href":"https:\/\/cultura.sma.gob.ar\/index.php?rest_route=%2Fwp%2Fv2%2Fcomments&post=2848"}],"version-history":[{"count":4,"href":"https:\/\/cultura.sma.gob.ar\/index.php?rest_route=\/wp\/v2\/posts\/2848\/revisions"}],"predecessor-version":[{"id":3271,"href":"https:\/\/cultura.sma.gob.ar\/index.php?rest_route=\/wp\/v2\/posts\/2848\/revisions\/3271"}],"wp:featuredmedia":[{"embeddable":true,"href":"https:\/\/cultura.sma.gob.ar\/index.php?rest_route=\/wp\/v2\/media\/295"}],"wp:attachment":[{"href":"https:\/\/cultura.sma.gob.ar\/index.php?rest_route=%2Fwp%2Fv2%2Fmedia&parent=2848"}],"wp:term":[{"taxonomy":"category","embeddable":true,"href":"https:\/\/cultura.sma.gob.ar\/index.php?rest_route=%2Fwp%2Fv2%2Fcategories&post=2848"},{"taxonomy":"post_tag","embeddable":true,"href":"https:\/\/cultura.sma.gob.ar\/index.php?rest_route=%2Fwp%2Fv2%2Ftags&post=2848"}],"curies":[{"name":"wp","href":"https:\/\/api.w.org\/{rel}","templated":true}]}}