{"id":2830,"date":"2022-01-03T07:00:40","date_gmt":"2022-01-03T10:00:40","guid":{"rendered":"http:\/\/cultura.sma.gob.ar\/?p=2830"},"modified":"2022-01-07T11:24:07","modified_gmt":"2022-01-07T14:24:07","slug":"festejo","status":"publish","type":"post","link":"https:\/\/cultura.sma.gob.ar\/?p=2830","title":{"rendered":"&#8216;FesTejo&#8217; \/\/ SUSPENDIDA \/\/  (A reprogramar)"},"content":{"rendered":"\n<figure class=\"wp-block-image size-large\"><img loading=\"lazy\" decoding=\"async\" width=\"1024\" height=\"724\" src=\"http:\/\/cultura.sma.gob.ar\/wp-content\/uploads\/2022\/01\/FesTejo-Teatro-San-Jose-1024x724.jpeg\" alt=\"\" class=\"wp-image-2831\" srcset=\"https:\/\/cultura.sma.gob.ar\/wp-content\/uploads\/2022\/01\/FesTejo-Teatro-San-Jose-1024x724.jpeg 1024w, https:\/\/cultura.sma.gob.ar\/wp-content\/uploads\/2022\/01\/FesTejo-Teatro-San-Jose-300x212.jpeg 300w, https:\/\/cultura.sma.gob.ar\/wp-content\/uploads\/2022\/01\/FesTejo-Teatro-San-Jose-768x543.jpeg 768w, https:\/\/cultura.sma.gob.ar\/wp-content\/uploads\/2022\/01\/FesTejo-Teatro-San-Jose-127x90.jpeg 127w, https:\/\/cultura.sma.gob.ar\/wp-content\/uploads\/2022\/01\/FesTejo-Teatro-San-Jose.jpeg 1241w\" sizes=\"auto, (max-width: 1024px) 100vw, 1024px\" \/><\/figure>\n\n\n\n<p>\u00b4FesTejo\u00b4<\/p>\n\n\n\n<p>-Lunes 10 de Enero 21 hs<\/p>\n\n\n\n<p>-Teatro San Jose<\/p>\n\n\n\n<p>-Entrada General $500<\/p>\n\n\n\n<p>&#8216;FesTejo&#8217; es un espect\u00e1culo integral, para todo p\u00fablico, donde la m\u00fasica de ra\u00edz latinoamericana, danza y relatos entraman historias payasas y no tanto. <\/p>\n\n\n\n<p>M\u00fasica:<\/p>\n\n\n\n<p> Melisa Galluzzo: Guitarra, voz y composici\u00f3n <\/p>\n\n\n\n<p>Valeria Covre: Flauta traversa, bajo y voz.<\/p>\n\n\n\n<p>Mariela Lobato: Acorde\u00f3n, voces y composici\u00f3n.<\/p>\n\n\n\n<p>Laura Regueira: percusi\u00f3n.<\/p>\n\n\n\n<p>Payasas: Maria Luz Ferreyra y Claudia Lauscher.<\/p>\n\n\n\n<p>Bailarinas: Carol Nicolaus, Camila Magneres y Betiana Oyarce.<\/p>\n","protected":false},"excerpt":{"rendered":"<p>\u00b4FesTejo\u00b4 -Lunes 10 de Enero 21 hs -Teatro San Jose -Entrada General $500 &#8216;FesTejo&#8217; es un espect\u00e1culo integral, para todo p\u00fablico, donde la m\u00fasica de ra\u00edz latinoamericana, danza y relatos entraman historias payasas y no tanto. M\u00fasica: Melisa Galluzzo: Guitarra, voz y composici\u00f3n Valeria Covre: Flauta traversa, bajo y voz. Mariela Lobato: Acorde\u00f3n, voces y composici\u00f3n. Laura Regueira: percusi\u00f3n. Payasas: Maria Luz Ferreyra y Claudia &hellip; <a href=\"https:\/\/cultura.sma.gob.ar\/?p=2830\" class=\"more-link\">Continue reading <span class=\"screen-reader-text\">&#8216;FesTejo&#8217; \/\/ SUSPENDIDA \/\/  (A reprogramar)<\/span><\/a><\/p>\n","protected":false},"author":1,"featured_media":297,"comment_status":"closed","ping_status":"closed","sticky":false,"template":"","format":"image","meta":{"footnotes":""},"categories":[2],"tags":[],"class_list":["post-2830","post","type-post","status-publish","format-image","has-post-thumbnail","hentry","category-ciudad-cultural","post_format-post-format-image"],"_links":{"self":[{"href":"https:\/\/cultura.sma.gob.ar\/index.php?rest_route=\/wp\/v2\/posts\/2830","targetHints":{"allow":["GET"]}}],"collection":[{"href":"https:\/\/cultura.sma.gob.ar\/index.php?rest_route=\/wp\/v2\/posts"}],"about":[{"href":"https:\/\/cultura.sma.gob.ar\/index.php?rest_route=\/wp\/v2\/types\/post"}],"author":[{"embeddable":true,"href":"https:\/\/cultura.sma.gob.ar\/index.php?rest_route=\/wp\/v2\/users\/1"}],"replies":[{"embeddable":true,"href":"https:\/\/cultura.sma.gob.ar\/index.php?rest_route=%2Fwp%2Fv2%2Fcomments&post=2830"}],"version-history":[{"count":4,"href":"https:\/\/cultura.sma.gob.ar\/index.php?rest_route=\/wp\/v2\/posts\/2830\/revisions"}],"predecessor-version":[{"id":2855,"href":"https:\/\/cultura.sma.gob.ar\/index.php?rest_route=\/wp\/v2\/posts\/2830\/revisions\/2855"}],"wp:featuredmedia":[{"embeddable":true,"href":"https:\/\/cultura.sma.gob.ar\/index.php?rest_route=\/wp\/v2\/media\/297"}],"wp:attachment":[{"href":"https:\/\/cultura.sma.gob.ar\/index.php?rest_route=%2Fwp%2Fv2%2Fmedia&parent=2830"}],"wp:term":[{"taxonomy":"category","embeddable":true,"href":"https:\/\/cultura.sma.gob.ar\/index.php?rest_route=%2Fwp%2Fv2%2Fcategories&post=2830"},{"taxonomy":"post_tag","embeddable":true,"href":"https:\/\/cultura.sma.gob.ar\/index.php?rest_route=%2Fwp%2Fv2%2Ftags&post=2830"}],"curies":[{"name":"wp","href":"https:\/\/api.w.org\/{rel}","templated":true}]}}