{"id":2821,"date":"2022-01-03T07:00:22","date_gmt":"2022-01-03T10:00:22","guid":{"rendered":"http:\/\/cultura.sma.gob.ar\/?p=2821"},"modified":"2022-01-02T14:47:00","modified_gmt":"2022-01-02T17:47:00","slug":"sonidos-y-secretos-nueva-exposicion-en-la-sala-lidaura-chapitel","status":"publish","type":"post","link":"https:\/\/cultura.sma.gob.ar\/?p=2821","title":{"rendered":"&#8221;Sonidos y secretos&#8221;: Nueva exposici\u00f3n en la Sala Lidaura Chapitel"},"content":{"rendered":"\n<figure class=\"wp-block-image size-large\"><img loading=\"lazy\" decoding=\"async\" width=\"1024\" height=\"1024\" src=\"http:\/\/cultura.sma.gob.ar\/wp-content\/uploads\/2022\/01\/flyer-2-1024x1024.jpg\" alt=\"\" class=\"wp-image-2825\" srcset=\"https:\/\/cultura.sma.gob.ar\/wp-content\/uploads\/2022\/01\/flyer-2-1024x1024.jpg 1024w, https:\/\/cultura.sma.gob.ar\/wp-content\/uploads\/2022\/01\/flyer-2-300x300.jpg 300w, https:\/\/cultura.sma.gob.ar\/wp-content\/uploads\/2022\/01\/flyer-2-150x150.jpg 150w, https:\/\/cultura.sma.gob.ar\/wp-content\/uploads\/2022\/01\/flyer-2-768x768.jpg 768w, https:\/\/cultura.sma.gob.ar\/wp-content\/uploads\/2022\/01\/flyer-2-1536x1536.jpg 1536w, https:\/\/cultura.sma.gob.ar\/wp-content\/uploads\/2022\/01\/flyer-2-90x90.jpg 90w, https:\/\/cultura.sma.gob.ar\/wp-content\/uploads\/2022\/01\/flyer-2.jpg 1875w\" sizes=\"auto, (max-width: 1024px) 100vw, 1024px\" \/><\/figure>\n\n\n\n<p>El\u00a0pr\u00f3ximo jueves 6 de enero, a las 20 hs, la Sala Municipal de Exposiciones Lidaura Chapitel inaugura una nueva muestra, abriendo el nuevo a\u00f1o.  &#8221;Sonidos y Secretos&#8221;, de Isabel de Laborde Larminat &#8211; Isabel Uboldi. <\/p>\n\n\n\n<p>La exposici\u00f3n podr\u00e1 ser visitada de lunes a viernes, de 10 a 12, y de 17 a 21 hs. Tambi\u00e9n los s\u00e1bados de 17 a 21 hs, en la Sala Municipal de Exposiciones, Capit\u00e1n Drury 665, con entrada libre y gratuita.<\/p>\n\n\n\n<p><em>\u00bfHemos desaprendido a escuchar y a darle lugar a la alteridad? \u00bfVivimos en un esquema que no convive con el misterio de la Vida? \u00bfSer\u00e1 nuestra arrogancia? \u00bfQu\u00e9 nos est\u00e1 diciendo la vida? Intentamos contestar por medio de estas obras. La pandemia nos dio un tejido conectivo y una gran responsabilidad: al estar todos aislados pensamos en el otro y quiz\u00e1s nos vimos como \u00e9l, siendo parte ambos del mismo universo.<br>Las Piedras grabadas nos remiten a lo perdurable, silencio de milenios, secretos del cosmos con piedras filosofales que son luces en nuestro camino.<br>De los Tubos de Viento, en el entorno acuoso de los musgos, brotan sonidos\u2026<br>Nos recuerdan la importancia del respirar de la vida.<br>El \u00c1rbol de la Abundancia renace en un espacio de arte en donde todo es posible. Trae su vitalidad y sus colores en medio de la austeridad de la pre-cordillera.<br>La Medusa es una ra\u00edz flotada en el r\u00edo Chimehuin. Su nombre viene de su parecido con la cabeza de Gorgona, la Medusa, que transformaba en piedra a todos los humanos que le miraran la cara. Perseo, el hijo de Danae, tuvo por misi\u00f3n terminar con ella, pero nosotros la quisimos domar y con nuestras intervenciones se convirti\u00f3 en una medusa sanadora\u2026<\/em><\/p>\n\n\n\n<figure class=\"wp-block-image size-large\"><img loading=\"lazy\" decoding=\"async\" width=\"1024\" height=\"1024\" src=\"http:\/\/cultura.sma.gob.ar\/wp-content\/uploads\/2022\/01\/flyer-1-1-1-1024x1024.jpg\" alt=\"\" class=\"wp-image-2827\" srcset=\"https:\/\/cultura.sma.gob.ar\/wp-content\/uploads\/2022\/01\/flyer-1-1-1-1024x1024.jpg 1024w, https:\/\/cultura.sma.gob.ar\/wp-content\/uploads\/2022\/01\/flyer-1-1-1-300x300.jpg 300w, https:\/\/cultura.sma.gob.ar\/wp-content\/uploads\/2022\/01\/flyer-1-1-1-150x150.jpg 150w, https:\/\/cultura.sma.gob.ar\/wp-content\/uploads\/2022\/01\/flyer-1-1-1-768x768.jpg 768w, https:\/\/cultura.sma.gob.ar\/wp-content\/uploads\/2022\/01\/flyer-1-1-1-1536x1536.jpg 1536w, https:\/\/cultura.sma.gob.ar\/wp-content\/uploads\/2022\/01\/flyer-1-1-1-90x90.jpg 90w, https:\/\/cultura.sma.gob.ar\/wp-content\/uploads\/2022\/01\/flyer-1-1-1.jpg 1875w\" sizes=\"auto, (max-width: 1024px) 100vw, 1024px\" \/><\/figure>\n\n\n\n<p>Sobre las artistas:<\/p>\n\n\n\n<p>Isabel de Laborde Larminat<br>Artista visual franco-mexicana. Estudi\u00f3 en \u201cl \u00c9cole Nationale Sup\u00e9rieure des Beaux Arts\u201d, Par\u00eds (1976\/78). Desde1980 instal\u00f3 sus talleres en Buenos Aires y San Mart\u00edn de los Andes, Neuqu\u00e9n. Estudi\u00f3 con Aurelio Macchi, Yuyo No\u00e9, Eduardo Stup\u00eda y Carlos Gorriarena. Recibi\u00f3 numerosos premios, particip\u00f3 de muestras colectivas e hizo 18 exposiciones individuales en Argentina, M\u00e9xico y B\u00e9lgica.<\/p>\n\n\n\n<p>Isabel Uboldi<br>Artista visual \u00edtalo-argentina. Licenciada en Publicidad de la Universidad del    Salvador (1976). Estudi\u00f3 Teor\u00eda del Arte con Jorge L\u00f3pez Anaya. Particip\u00f3 de actividades formativas en la Fundaci\u00f3n Vocaci\u00f3n Humana creada por Dr. Bernardo Nante. Se form\u00f3 en los talleres de Miguel D\u00e1vila, Kenneth Kemble, Caterina Baratelli, Celina Gonzalez Sueyro. Particip\u00f3 en diferentes exposiciones individuales y colectivas.<\/p>\n","protected":false},"excerpt":{"rendered":"<p>El\u00a0pr\u00f3ximo jueves 6 de enero, a las 20 hs, la Sala Municipal de Exposiciones Lidaura Chapitel inaugura una nueva muestra, abriendo el nuevo a\u00f1o. &#8221;Sonidos y Secretos&#8221;, de Isabel de Laborde Larminat &#8211; Isabel Uboldi. La exposici\u00f3n podr\u00e1 ser visitada de lunes a viernes, de 10 a 12, y de 17 a 21 hs. Tambi\u00e9n los s\u00e1bados de 17 a 21 hs, en la Sala &hellip; <a href=\"https:\/\/cultura.sma.gob.ar\/?p=2821\" class=\"more-link\">Continue reading <span class=\"screen-reader-text\">&#8221;Sonidos y secretos&#8221;: Nueva exposici\u00f3n en la Sala Lidaura Chapitel<\/span><\/a><\/p>\n","protected":false},"author":1,"featured_media":295,"comment_status":"closed","ping_status":"","sticky":false,"template":"","format":"image","meta":{"footnotes":""},"categories":[6],"tags":[78,77,76],"class_list":["post-2821","post","type-post","status-publish","format-image","has-post-thumbnail","hentry","category-sala-lidaura-chapitel","tag-chapitel","tag-lidaura","tag-sala","post_format-post-format-image"],"_links":{"self":[{"href":"https:\/\/cultura.sma.gob.ar\/index.php?rest_route=\/wp\/v2\/posts\/2821","targetHints":{"allow":["GET"]}}],"collection":[{"href":"https:\/\/cultura.sma.gob.ar\/index.php?rest_route=\/wp\/v2\/posts"}],"about":[{"href":"https:\/\/cultura.sma.gob.ar\/index.php?rest_route=\/wp\/v2\/types\/post"}],"author":[{"embeddable":true,"href":"https:\/\/cultura.sma.gob.ar\/index.php?rest_route=\/wp\/v2\/users\/1"}],"replies":[{"embeddable":true,"href":"https:\/\/cultura.sma.gob.ar\/index.php?rest_route=%2Fwp%2Fv2%2Fcomments&post=2821"}],"version-history":[{"count":4,"href":"https:\/\/cultura.sma.gob.ar\/index.php?rest_route=\/wp\/v2\/posts\/2821\/revisions"}],"predecessor-version":[{"id":2828,"href":"https:\/\/cultura.sma.gob.ar\/index.php?rest_route=\/wp\/v2\/posts\/2821\/revisions\/2828"}],"wp:featuredmedia":[{"embeddable":true,"href":"https:\/\/cultura.sma.gob.ar\/index.php?rest_route=\/wp\/v2\/media\/295"}],"wp:attachment":[{"href":"https:\/\/cultura.sma.gob.ar\/index.php?rest_route=%2Fwp%2Fv2%2Fmedia&parent=2821"}],"wp:term":[{"taxonomy":"category","embeddable":true,"href":"https:\/\/cultura.sma.gob.ar\/index.php?rest_route=%2Fwp%2Fv2%2Fcategories&post=2821"},{"taxonomy":"post_tag","embeddable":true,"href":"https:\/\/cultura.sma.gob.ar\/index.php?rest_route=%2Fwp%2Fv2%2Ftags&post=2821"}],"curies":[{"name":"wp","href":"https:\/\/api.w.org\/{rel}","templated":true}]}}