{"id":2810,"date":"2021-12-27T09:54:05","date_gmt":"2021-12-27T12:54:05","guid":{"rendered":"http:\/\/cultura.sma.gob.ar\/?p=2810"},"modified":"2021-12-27T09:54:05","modified_gmt":"2021-12-27T12:54:05","slug":"tres-padres-para-sofia-nueva-funcion","status":"publish","type":"post","link":"https:\/\/cultura.sma.gob.ar\/?p=2810","title":{"rendered":"&#8220;Tres padres para Sof\u00eda&#8221;: nueva funci\u00f3n"},"content":{"rendered":"\n<figure class=\"wp-block-image size-large\"><img loading=\"lazy\" decoding=\"async\" width=\"576\" height=\"1024\" src=\"http:\/\/cultura.sma.gob.ar\/wp-content\/uploads\/2021\/12\/Tres-padres-para-Sofia-Flyer-Historia-576x1024.jpg\" alt=\"\" class=\"wp-image-2811\" srcset=\"https:\/\/cultura.sma.gob.ar\/wp-content\/uploads\/2021\/12\/Tres-padres-para-Sofia-Flyer-Historia-576x1024.jpg 576w, https:\/\/cultura.sma.gob.ar\/wp-content\/uploads\/2021\/12\/Tres-padres-para-Sofia-Flyer-Historia-169x300.jpg 169w, https:\/\/cultura.sma.gob.ar\/wp-content\/uploads\/2021\/12\/Tres-padres-para-Sofia-Flyer-Historia-51x90.jpg 51w, https:\/\/cultura.sma.gob.ar\/wp-content\/uploads\/2021\/12\/Tres-padres-para-Sofia-Flyer-Historia.jpg 720w\" sizes=\"auto, (max-width: 576px) 100vw, 576px\" \/><\/figure>\n\n\n\n<p>Despu\u00e9s del gran \u00e9xito del estreno, en enero regresa a nuestra sala esta imperdible propuesta de Jazz Swing Tap.<\/p>\n\n\n\n<p>El S\u00e1bado 08 de enero a las 22hs, la Escuela de Danza, Canto y Comedia Musical regresa con esta imperdible obra. Adaptaci\u00f3n de Eduardo Alfons\u00edn de la Obra &#8220;Mamma M\u00eda&#8221;.<\/p>\n\n\n\n<p>Diversi\u00f3n, m\u00fasica y mucho brillo como la compa\u00f1\u00eda local nos tiene acostumbrados. Gran salida de s\u00e1bado.<\/p>\n\n\n\n<p>Entrada General $500.- En venta en la boleteria del Centro Cultural.<\/p>\n","protected":false},"excerpt":{"rendered":"<p>Despu\u00e9s del gran \u00e9xito del estreno, en enero regresa a nuestra sala esta imperdible propuesta de Jazz Swing Tap. El S\u00e1bado 08 de enero a las 22hs, la Escuela de Danza, Canto y Comedia Musical regresa con esta imperdible obra. Adaptaci\u00f3n de Eduardo Alfons\u00edn de la Obra &#8220;Mamma M\u00eda&#8221;. Diversi\u00f3n, m\u00fasica y mucho brillo como la compa\u00f1\u00eda local nos tiene acostumbrados. Gran salida de s\u00e1bado. &hellip; <a href=\"https:\/\/cultura.sma.gob.ar\/?p=2810\" class=\"more-link\">Continue reading <span class=\"screen-reader-text\">&#8220;Tres padres para Sof\u00eda&#8221;: nueva funci\u00f3n<\/span><\/a><\/p>\n","protected":false},"author":1,"featured_media":297,"comment_status":"closed","ping_status":"","sticky":false,"template":"","format":"image","meta":{"footnotes":""},"categories":[2],"tags":[],"class_list":["post-2810","post","type-post","status-publish","format-image","has-post-thumbnail","hentry","category-ciudad-cultural","post_format-post-format-image"],"_links":{"self":[{"href":"https:\/\/cultura.sma.gob.ar\/index.php?rest_route=\/wp\/v2\/posts\/2810","targetHints":{"allow":["GET"]}}],"collection":[{"href":"https:\/\/cultura.sma.gob.ar\/index.php?rest_route=\/wp\/v2\/posts"}],"about":[{"href":"https:\/\/cultura.sma.gob.ar\/index.php?rest_route=\/wp\/v2\/types\/post"}],"author":[{"embeddable":true,"href":"https:\/\/cultura.sma.gob.ar\/index.php?rest_route=\/wp\/v2\/users\/1"}],"replies":[{"embeddable":true,"href":"https:\/\/cultura.sma.gob.ar\/index.php?rest_route=%2Fwp%2Fv2%2Fcomments&post=2810"}],"version-history":[{"count":1,"href":"https:\/\/cultura.sma.gob.ar\/index.php?rest_route=\/wp\/v2\/posts\/2810\/revisions"}],"predecessor-version":[{"id":2812,"href":"https:\/\/cultura.sma.gob.ar\/index.php?rest_route=\/wp\/v2\/posts\/2810\/revisions\/2812"}],"wp:featuredmedia":[{"embeddable":true,"href":"https:\/\/cultura.sma.gob.ar\/index.php?rest_route=\/wp\/v2\/media\/297"}],"wp:attachment":[{"href":"https:\/\/cultura.sma.gob.ar\/index.php?rest_route=%2Fwp%2Fv2%2Fmedia&parent=2810"}],"wp:term":[{"taxonomy":"category","embeddable":true,"href":"https:\/\/cultura.sma.gob.ar\/index.php?rest_route=%2Fwp%2Fv2%2Fcategories&post=2810"},{"taxonomy":"post_tag","embeddable":true,"href":"https:\/\/cultura.sma.gob.ar\/index.php?rest_route=%2Fwp%2Fv2%2Ftags&post=2810"}],"curies":[{"name":"wp","href":"https:\/\/api.w.org\/{rel}","templated":true}]}}