{"id":2803,"date":"2021-12-27T09:47:43","date_gmt":"2021-12-27T12:47:43","guid":{"rendered":"http:\/\/cultura.sma.gob.ar\/?p=2803"},"modified":"2021-12-27T09:47:43","modified_gmt":"2021-12-27T12:47:43","slug":"entrenamiento-para-bailarines-centro-cultural-cotesma","status":"publish","type":"post","link":"https:\/\/cultura.sma.gob.ar\/?p=2803","title":{"rendered":"Entrenamiento para bailarines &#8211; Centro Cultural Cotesma"},"content":{"rendered":"\n<p>Taller de Entrenamiento para Bailarines (Intensivo)<br>Duraci\u00f3n enero y febrero 2022<br>Viernes de 10hs a 11hs \u2013 Comienza el viernes 07\/01<br><br>En este taller buscamos hacer el foco en los tres puntos claves de la performance del bailar\u00edn.<\/p>\n\n\n\n<p>Fuerza- Flexibilidad- Amplitud de Movimiento.<\/p>\n\n\n\n<p>En la clase se realiza una primera parte de movilidad articular, como m\u00e9todo no solo de calentamiento, sino de prevenci\u00f3n de lesiones.<\/p>\n\n\n\n<p>Luego se pasa a una segunda parte de trabajo y consciencia de Core \/trabajos de inestabilidad.<\/p>\n\n\n\n<p>En la \u00faltima parte realizamos un circuito de fuerza, combinando ejercicios de danza y fuerza.<\/p>\n\n\n\n<p>Se realizan saltos, piruetas y adagios optimizando el rendimiento del bailar\u00edn y aumentando la dificultad en relaci\u00f3n al nivel de cada bailar\u00edn.<\/p>\n\n\n\n<p>Contacto:<br>natalia.lamberti@live.com.ar<br>cel: 2944368804<br>ig: nattlambertt<\/p>\n","protected":false},"excerpt":{"rendered":"<p>Taller de Entrenamiento para Bailarines (Intensivo)Duraci\u00f3n enero y febrero 2022Viernes de 10hs a 11hs \u2013 Comienza el viernes 07\/01 En este taller buscamos hacer el foco en los tres puntos claves de la performance del bailar\u00edn. Fuerza- Flexibilidad- Amplitud de Movimiento. En la clase se realiza una primera parte de movilidad articular, como m\u00e9todo no solo de calentamiento, sino de prevenci\u00f3n de lesiones. Luego se &hellip; <a href=\"https:\/\/cultura.sma.gob.ar\/?p=2803\" class=\"more-link\">Continue reading <span class=\"screen-reader-text\">Entrenamiento para bailarines &#8211; Centro Cultural Cotesma<\/span><\/a><\/p>\n","protected":false},"author":1,"featured_media":297,"comment_status":"closed","ping_status":"","sticky":false,"template":"","format":"image","meta":{"footnotes":""},"categories":[2],"tags":[],"class_list":["post-2803","post","type-post","status-publish","format-image","has-post-thumbnail","hentry","category-ciudad-cultural","post_format-post-format-image"],"_links":{"self":[{"href":"https:\/\/cultura.sma.gob.ar\/index.php?rest_route=\/wp\/v2\/posts\/2803","targetHints":{"allow":["GET"]}}],"collection":[{"href":"https:\/\/cultura.sma.gob.ar\/index.php?rest_route=\/wp\/v2\/posts"}],"about":[{"href":"https:\/\/cultura.sma.gob.ar\/index.php?rest_route=\/wp\/v2\/types\/post"}],"author":[{"embeddable":true,"href":"https:\/\/cultura.sma.gob.ar\/index.php?rest_route=\/wp\/v2\/users\/1"}],"replies":[{"embeddable":true,"href":"https:\/\/cultura.sma.gob.ar\/index.php?rest_route=%2Fwp%2Fv2%2Fcomments&post=2803"}],"version-history":[{"count":1,"href":"https:\/\/cultura.sma.gob.ar\/index.php?rest_route=\/wp\/v2\/posts\/2803\/revisions"}],"predecessor-version":[{"id":2804,"href":"https:\/\/cultura.sma.gob.ar\/index.php?rest_route=\/wp\/v2\/posts\/2803\/revisions\/2804"}],"wp:featuredmedia":[{"embeddable":true,"href":"https:\/\/cultura.sma.gob.ar\/index.php?rest_route=\/wp\/v2\/media\/297"}],"wp:attachment":[{"href":"https:\/\/cultura.sma.gob.ar\/index.php?rest_route=%2Fwp%2Fv2%2Fmedia&parent=2803"}],"wp:term":[{"taxonomy":"category","embeddable":true,"href":"https:\/\/cultura.sma.gob.ar\/index.php?rest_route=%2Fwp%2Fv2%2Fcategories&post=2803"},{"taxonomy":"post_tag","embeddable":true,"href":"https:\/\/cultura.sma.gob.ar\/index.php?rest_route=%2Fwp%2Fv2%2Ftags&post=2803"}],"curies":[{"name":"wp","href":"https:\/\/api.w.org\/{rel}","templated":true}]}}