{"id":2799,"date":"2021-12-27T08:55:01","date_gmt":"2021-12-27T11:55:01","guid":{"rendered":"http:\/\/cultura.sma.gob.ar\/?p=2799"},"modified":"2021-12-27T08:55:01","modified_gmt":"2021-12-27T11:55:01","slug":"chanas-y-villa-elvira-club","status":"publish","type":"post","link":"https:\/\/cultura.sma.gob.ar\/?p=2799","title":{"rendered":"Chanas y Villa Elvira Club"},"content":{"rendered":"\n<figure class=\"wp-block-image size-large\"><img loading=\"lazy\" decoding=\"async\" width=\"1020\" height=\"1024\" src=\"http:\/\/cultura.sma.gob.ar\/wp-content\/uploads\/2021\/12\/Screenshot_20211227-084734_Gallery-1020x1024.jpg\" alt=\"\" class=\"wp-image-2800\" srcset=\"https:\/\/cultura.sma.gob.ar\/wp-content\/uploads\/2021\/12\/Screenshot_20211227-084734_Gallery-1020x1024.jpg 1020w, https:\/\/cultura.sma.gob.ar\/wp-content\/uploads\/2021\/12\/Screenshot_20211227-084734_Gallery-300x300.jpg 300w, https:\/\/cultura.sma.gob.ar\/wp-content\/uploads\/2021\/12\/Screenshot_20211227-084734_Gallery-150x150.jpg 150w, https:\/\/cultura.sma.gob.ar\/wp-content\/uploads\/2021\/12\/Screenshot_20211227-084734_Gallery-768x771.jpg 768w, https:\/\/cultura.sma.gob.ar\/wp-content\/uploads\/2021\/12\/Screenshot_20211227-084734_Gallery-90x90.jpg 90w, https:\/\/cultura.sma.gob.ar\/wp-content\/uploads\/2021\/12\/Screenshot_20211227-084734_Gallery.jpg 1075w\" sizes=\"auto, (max-width: 1020px) 100vw, 1020px\" \/><\/figure>\n\n\n\n<p>S\u00e1bado 8 de enero del 202221:00 hsvalor de la entrada $500<\/p>\n\n\n\n<p>CHANAS Y VILLA ELVIRA CLUB:Villa Elvira Club y Chanas son dos bandas platenses que desde sus temas invitan a compartir el canto, el goce y la reflexi\u00f3n. Chanas a puro canto y tamb\u00f3, \u00a0y Villa Elvira, el\u00e9ctrico y urbano, sonar\u00e1n en el San Jos\u00e9 para toda persona con ganas de escuchar canciones con ritmo, fuerza y coraz\u00f3n.<\/p>\n","protected":false},"excerpt":{"rendered":"<p>S\u00e1bado 8 de enero del 202221:00 hsvalor de la entrada $500 CHANAS Y VILLA ELVIRA CLUB:Villa Elvira Club y Chanas son dos bandas platenses que desde sus temas invitan a compartir el canto, el goce y la reflexi\u00f3n. Chanas a puro canto y tamb\u00f3, \u00a0y Villa Elvira, el\u00e9ctrico y urbano, sonar\u00e1n en el San Jos\u00e9 para toda persona con ganas de escuchar canciones con ritmo, &hellip; <a href=\"https:\/\/cultura.sma.gob.ar\/?p=2799\" class=\"more-link\">Continue reading <span class=\"screen-reader-text\">Chanas y Villa Elvira Club<\/span><\/a><\/p>\n","protected":false},"author":1,"featured_media":297,"comment_status":"closed","ping_status":"","sticky":false,"template":"","format":"image","meta":{"footnotes":""},"categories":[2],"tags":[],"class_list":["post-2799","post","type-post","status-publish","format-image","has-post-thumbnail","hentry","category-ciudad-cultural","post_format-post-format-image"],"_links":{"self":[{"href":"https:\/\/cultura.sma.gob.ar\/index.php?rest_route=\/wp\/v2\/posts\/2799","targetHints":{"allow":["GET"]}}],"collection":[{"href":"https:\/\/cultura.sma.gob.ar\/index.php?rest_route=\/wp\/v2\/posts"}],"about":[{"href":"https:\/\/cultura.sma.gob.ar\/index.php?rest_route=\/wp\/v2\/types\/post"}],"author":[{"embeddable":true,"href":"https:\/\/cultura.sma.gob.ar\/index.php?rest_route=\/wp\/v2\/users\/1"}],"replies":[{"embeddable":true,"href":"https:\/\/cultura.sma.gob.ar\/index.php?rest_route=%2Fwp%2Fv2%2Fcomments&post=2799"}],"version-history":[{"count":1,"href":"https:\/\/cultura.sma.gob.ar\/index.php?rest_route=\/wp\/v2\/posts\/2799\/revisions"}],"predecessor-version":[{"id":2801,"href":"https:\/\/cultura.sma.gob.ar\/index.php?rest_route=\/wp\/v2\/posts\/2799\/revisions\/2801"}],"wp:featuredmedia":[{"embeddable":true,"href":"https:\/\/cultura.sma.gob.ar\/index.php?rest_route=\/wp\/v2\/media\/297"}],"wp:attachment":[{"href":"https:\/\/cultura.sma.gob.ar\/index.php?rest_route=%2Fwp%2Fv2%2Fmedia&parent=2799"}],"wp:term":[{"taxonomy":"category","embeddable":true,"href":"https:\/\/cultura.sma.gob.ar\/index.php?rest_route=%2Fwp%2Fv2%2Fcategories&post=2799"},{"taxonomy":"post_tag","embeddable":true,"href":"https:\/\/cultura.sma.gob.ar\/index.php?rest_route=%2Fwp%2Fv2%2Ftags&post=2799"}],"curies":[{"name":"wp","href":"https:\/\/api.w.org\/{rel}","templated":true}]}}