{"id":2796,"date":"2021-12-27T08:52:23","date_gmt":"2021-12-27T11:52:23","guid":{"rendered":"http:\/\/cultura.sma.gob.ar\/?p=2796"},"modified":"2021-12-27T08:52:23","modified_gmt":"2021-12-27T11:52:23","slug":"daur-celta-tribal-teatro-san-jose","status":"publish","type":"post","link":"https:\/\/cultura.sma.gob.ar\/?p=2796","title":{"rendered":"Daur Celta Tribal &#8211; Teatro San Jos\u00e9"},"content":{"rendered":"\n<figure class=\"wp-block-image size-large is-resized\"><img loading=\"lazy\" decoding=\"async\" src=\"http:\/\/cultura.sma.gob.ar\/wp-content\/uploads\/2021\/12\/Screenshot_20211227-084715_Gallery-736x1024.jpg\" alt=\"\" class=\"wp-image-2797\" width=\"751\" height=\"1045\" srcset=\"https:\/\/cultura.sma.gob.ar\/wp-content\/uploads\/2021\/12\/Screenshot_20211227-084715_Gallery-736x1024.jpg 736w, https:\/\/cultura.sma.gob.ar\/wp-content\/uploads\/2021\/12\/Screenshot_20211227-084715_Gallery-216x300.jpg 216w, https:\/\/cultura.sma.gob.ar\/wp-content\/uploads\/2021\/12\/Screenshot_20211227-084715_Gallery-768x1069.jpg 768w, https:\/\/cultura.sma.gob.ar\/wp-content\/uploads\/2021\/12\/Screenshot_20211227-084715_Gallery-65x90.jpg 65w, https:\/\/cultura.sma.gob.ar\/wp-content\/uploads\/2021\/12\/Screenshot_20211227-084715_Gallery.jpg 1080w\" sizes=\"auto, (max-width: 751px) 100vw, 751px\" \/><\/figure>\n\n\n\n<p>Da\u00fcr propone una experiencia sonora y visual novedosa y llamativa al p\u00fablico. Nuestro espect\u00e1culo es un encuentro donde los artistas, por medio de su m\u00fasica, atuendos, puesta en escena e instrumentaci\u00f3n introduce a la audiencia a un viaje por el interior de bosques, r\u00edos, lagos y monta\u00f1as. Los invitamos a acompa\u00f1arnos en este viaje en donde la mitolog\u00eda celta, el mundo de las hadas, duendes y otros seres m\u00e1gicos cobran vida. Un show que convoca a la audiencia a la reconexi\u00f3n con&nbsp;&nbsp;la naturaleza, con el mundo sutil e invisible, con lo arcano y con su propio sentir.&nbsp;&nbsp;&nbsp; Con una variedad instrumental que abarcan distintas \u00e9pocas y culturas, como el rabel, la lira kravik, los whistle, el violonchelo, el viol\u00edn, la guitarra, el derbake, djembe. Da\u00fcr propone un show de un amplio repertorio original, incluyendo canciones con caracteres diversos, que van desde aquellas melod\u00edas que impactan a las emociones, hasta las melod\u00edas tribales que inducen a bailar y cantar&#8221;<\/p>\n","protected":false},"excerpt":{"rendered":"<p>Da\u00fcr propone una experiencia sonora y visual novedosa y llamativa al p\u00fablico. Nuestro espect\u00e1culo es un encuentro donde los artistas, por medio de su m\u00fasica, atuendos, puesta en escena e instrumentaci\u00f3n introduce a la audiencia a un viaje por el interior de bosques, r\u00edos, lagos y monta\u00f1as. Los invitamos a acompa\u00f1arnos en este viaje en donde la mitolog\u00eda celta, el mundo de las hadas, duendes &hellip; <a href=\"https:\/\/cultura.sma.gob.ar\/?p=2796\" class=\"more-link\">Continue reading <span class=\"screen-reader-text\">Daur Celta Tribal &#8211; Teatro San Jos\u00e9<\/span><\/a><\/p>\n","protected":false},"author":1,"featured_media":297,"comment_status":"closed","ping_status":"","sticky":false,"template":"","format":"image","meta":{"footnotes":""},"categories":[2,1],"tags":[],"class_list":["post-2796","post","type-post","status-publish","format-image","has-post-thumbnail","hentry","category-ciudad-cultural","category-sin-categoria","post_format-post-format-image"],"_links":{"self":[{"href":"https:\/\/cultura.sma.gob.ar\/index.php?rest_route=\/wp\/v2\/posts\/2796","targetHints":{"allow":["GET"]}}],"collection":[{"href":"https:\/\/cultura.sma.gob.ar\/index.php?rest_route=\/wp\/v2\/posts"}],"about":[{"href":"https:\/\/cultura.sma.gob.ar\/index.php?rest_route=\/wp\/v2\/types\/post"}],"author":[{"embeddable":true,"href":"https:\/\/cultura.sma.gob.ar\/index.php?rest_route=\/wp\/v2\/users\/1"}],"replies":[{"embeddable":true,"href":"https:\/\/cultura.sma.gob.ar\/index.php?rest_route=%2Fwp%2Fv2%2Fcomments&post=2796"}],"version-history":[{"count":1,"href":"https:\/\/cultura.sma.gob.ar\/index.php?rest_route=\/wp\/v2\/posts\/2796\/revisions"}],"predecessor-version":[{"id":2798,"href":"https:\/\/cultura.sma.gob.ar\/index.php?rest_route=\/wp\/v2\/posts\/2796\/revisions\/2798"}],"wp:featuredmedia":[{"embeddable":true,"href":"https:\/\/cultura.sma.gob.ar\/index.php?rest_route=\/wp\/v2\/media\/297"}],"wp:attachment":[{"href":"https:\/\/cultura.sma.gob.ar\/index.php?rest_route=%2Fwp%2Fv2%2Fmedia&parent=2796"}],"wp:term":[{"taxonomy":"category","embeddable":true,"href":"https:\/\/cultura.sma.gob.ar\/index.php?rest_route=%2Fwp%2Fv2%2Fcategories&post=2796"},{"taxonomy":"post_tag","embeddable":true,"href":"https:\/\/cultura.sma.gob.ar\/index.php?rest_route=%2Fwp%2Fv2%2Ftags&post=2796"}],"curies":[{"name":"wp","href":"https:\/\/api.w.org\/{rel}","templated":true}]}}