{"id":2776,"date":"2021-12-16T12:15:06","date_gmt":"2021-12-16T15:15:06","guid":{"rendered":"http:\/\/cultura.sma.gob.ar\/?p=2776"},"modified":"2022-05-10T10:13:35","modified_gmt":"2022-05-10T13:13:35","slug":"convocatoria-abierta-para-calle-cultural-2022","status":"publish","type":"post","link":"https:\/\/cultura.sma.gob.ar\/?p=2776","title":{"rendered":"Convocatoria abierta para Calle Cultural 2022 (FINALIZADA)"},"content":{"rendered":"\n<figure class=\"wp-block-image size-large\"><img loading=\"lazy\" decoding=\"async\" width=\"1024\" height=\"1024\" src=\"http:\/\/cultura.sma.gob.ar\/wp-content\/uploads\/2021\/12\/programa-reencuentro-08-1024x1024.jpg\" alt=\"\" class=\"wp-image-2777\" srcset=\"https:\/\/cultura.sma.gob.ar\/wp-content\/uploads\/2021\/12\/programa-reencuentro-08-1024x1024.jpg 1024w, https:\/\/cultura.sma.gob.ar\/wp-content\/uploads\/2021\/12\/programa-reencuentro-08-300x300.jpg 300w, https:\/\/cultura.sma.gob.ar\/wp-content\/uploads\/2021\/12\/programa-reencuentro-08-150x150.jpg 150w, https:\/\/cultura.sma.gob.ar\/wp-content\/uploads\/2021\/12\/programa-reencuentro-08-768x768.jpg 768w, https:\/\/cultura.sma.gob.ar\/wp-content\/uploads\/2021\/12\/programa-reencuentro-08-90x90.jpg 90w, https:\/\/cultura.sma.gob.ar\/wp-content\/uploads\/2021\/12\/programa-reencuentro-08.jpg 1250w\" sizes=\"auto, (max-width: 1024px) 100vw, 1024px\" \/><\/figure>\n\n\n\n<p>La Secretar\u00eda de Cultura invita a los\/as artistas de la localidad a presentar propuestas de arte callejero para el programa Calle Cultural 2022.<\/p>\n\n\n\n<p>Calle Cultural es un programa que fomenta la realizaci\u00f3n de funciones en el espacio p\u00fablico de los barrios. Pueden presentarse propuestas de m\u00fasica, danza, circo, t\u00edteres, teatro y otras disciplinas de arte callejero. Quienes resulten seleccionados recibir\u00e1n un incentivo econ\u00f3mico y tambi\u00e9n podr\u00e1n pasar la gorra.<\/p>\n\n\n\n<p>Es requisito para participar contar con monotributo propio y estar registrado en el Registro Municipal de trabajadores\/as de la Cultura. Ord. 13037\/20.<\/p>\n\n\n\n<p>Quienes quieran participar deber\u00e1n completar el siguiente formulario online.&nbsp;<\/p>\n\n\n\n<p>Formulario para presentar propuestas: <a href=\"https:\/\/forms.gle\/whBb9fVzp88QAJ1E6\">https:\/\/forms.gle\/whBb9fVzp88QAJ1E6<\/a><\/p>\n\n\n\n<p>Registro de trabajadores\/as de la Cultura: http:\/\/cultura.sma.gob.ar\/2021\/05\/06\/es-indispensable-inscribirse-para-acceder-a-convocatorias-y-programas-culturales\/<\/p>\n","protected":false},"excerpt":{"rendered":"<p>La Secretar\u00eda de Cultura invita a los\/as artistas de la localidad a presentar propuestas de arte callejero para el programa Calle Cultural 2022. Calle Cultural es un programa que fomenta la realizaci\u00f3n de funciones en el espacio p\u00fablico de los barrios. Pueden presentarse propuestas de m\u00fasica, danza, circo, t\u00edteres, teatro y otras disciplinas de arte callejero. Quienes resulten seleccionados recibir\u00e1n un incentivo econ\u00f3mico y tambi\u00e9n &hellip; <a href=\"https:\/\/cultura.sma.gob.ar\/?p=2776\" class=\"more-link\">Continue reading <span class=\"screen-reader-text\">Convocatoria abierta para Calle Cultural 2022 (FINALIZADA)<\/span><\/a><\/p>\n","protected":false},"author":1,"featured_media":296,"comment_status":"closed","ping_status":"","sticky":false,"template":"","format":"image","meta":{"footnotes":""},"categories":[3,9],"tags":[],"class_list":["post-2776","post","type-post","status-publish","format-image","has-post-thumbnail","hentry","category-eventos-cultura","category-ultimas-noticias","post_format-post-format-image"],"_links":{"self":[{"href":"https:\/\/cultura.sma.gob.ar\/index.php?rest_route=\/wp\/v2\/posts\/2776","targetHints":{"allow":["GET"]}}],"collection":[{"href":"https:\/\/cultura.sma.gob.ar\/index.php?rest_route=\/wp\/v2\/posts"}],"about":[{"href":"https:\/\/cultura.sma.gob.ar\/index.php?rest_route=\/wp\/v2\/types\/post"}],"author":[{"embeddable":true,"href":"https:\/\/cultura.sma.gob.ar\/index.php?rest_route=\/wp\/v2\/users\/1"}],"replies":[{"embeddable":true,"href":"https:\/\/cultura.sma.gob.ar\/index.php?rest_route=%2Fwp%2Fv2%2Fcomments&post=2776"}],"version-history":[{"count":2,"href":"https:\/\/cultura.sma.gob.ar\/index.php?rest_route=\/wp\/v2\/posts\/2776\/revisions"}],"predecessor-version":[{"id":3272,"href":"https:\/\/cultura.sma.gob.ar\/index.php?rest_route=\/wp\/v2\/posts\/2776\/revisions\/3272"}],"wp:featuredmedia":[{"embeddable":true,"href":"https:\/\/cultura.sma.gob.ar\/index.php?rest_route=\/wp\/v2\/media\/296"}],"wp:attachment":[{"href":"https:\/\/cultura.sma.gob.ar\/index.php?rest_route=%2Fwp%2Fv2%2Fmedia&parent=2776"}],"wp:term":[{"taxonomy":"category","embeddable":true,"href":"https:\/\/cultura.sma.gob.ar\/index.php?rest_route=%2Fwp%2Fv2%2Fcategories&post=2776"},{"taxonomy":"post_tag","embeddable":true,"href":"https:\/\/cultura.sma.gob.ar\/index.php?rest_route=%2Fwp%2Fv2%2Ftags&post=2776"}],"curies":[{"name":"wp","href":"https:\/\/api.w.org\/{rel}","templated":true}]}}